{"id":8436,"date":"2020-07-03T15:45:09","date_gmt":"2020-07-03T18:45:09","guid":{"rendered":"http:\/\/www.sindipetroba.org.br\/2019\/?p=8436"},"modified":"2020-07-03T15:52:50","modified_gmt":"2020-07-03T18:52:50","slug":"presidentes-da-camara-e-senado-federal-entram-com-acao-no-stf-questionando-o-processo-de-privatizacao-da-petrobras","status":"publish","type":"post","link":"http:\/\/www.sindipetroba.org.br\/2019\/presidentes-da-camara-e-senado-federal-entram-com-acao-no-stf-questionando-o-processo-de-privatizacao-da-petrobras\/","title":{"rendered":"Presidentes da C\u00e2mara e Senado Federal entram com a\u00e7\u00e3o no STF questionando o processo de privatiza\u00e7\u00e3o da Petrobr\u00e1s"},"content":{"rendered":"<p>O Congresso Nacional, representado pelas Mesas Diretoras do Senado Federal e da C\u00e2mara dos Deputados, em documento assinado pelo presidente do Senado Federal, Davi Alcolumbre e Rodrigo Maia, presidente da C\u00e2mara, ingressou no Supremo Tribunal Federal (STF), no dia 1\/07, com um pedido de liminar (Requisito de Tutela Provis\u00f3ria Incidental na ADI 5.624 sob relatoria do Ministro Ricardo Lewandowski,) para impedir que a atual gest\u00e3o da Petrobr\u00e1s d\u00ea continuidade \u00e0 venda irregular de suas unidades que foram criadas por Lei.<\/p>\n<p>A a\u00e7\u00e3o atinge todas as unidades da estatal que fazem parte do capital social da empresa como os campos terrestres, as refinarias e a Transpetro, barrando todas as privatiza\u00e7\u00f5es em curso inclusive aquelas que j\u00e1 est\u00e3o em adiantado processo de venda como a Refinaria Landulpho Alves (RLAM), na Bahia, a Refinaria do Paran\u00e1 (REPAR) e os terminais da Transpetro nesses dois estados.<\/p>\n<p>Os presidentes da C\u00e2mara e Senado tentam impedir o desvio de finalidade da gest\u00e3o da Petrobr\u00e1s que atrav\u00e9s de artif\u00edcios ilegais tenta vender as suas refinarias como se essas fossem subsidi\u00e1rias e n\u00e3o fizessem parte do capital social da empresa, se utilizando desse mecanismo com a clara inten\u00e7\u00e3o de privatizar a empresa, o que, segundo decis\u00e3o do STF, s\u00f3 pode ser feita com autoriza\u00e7\u00e3o legislativa e licita\u00e7\u00e3o.<\/p>\n<p>O desenrolar dos fatos que levaram \u00e0 a\u00e7\u00e3o impetrada pela C\u00e2mara e Senado tiveram uma grande e intensa participa\u00e7\u00e3o do Sindipetro Bahia, da FUP e do Escrit\u00f3rio Advocacia Garcez atrav\u00e9s de uma grande movimenta\u00e7\u00e3o pol\u00edtica junto ao Congresso e ao Senado e tamb\u00e9m de a\u00e7\u00f5es populares e Reclama\u00e7\u00e3o Constitucional, impetradas pelo escrit\u00f3rio de advocacia na justi\u00e7a.<\/p>\n<p>Os senadores Jean-Paul Prates e Jaques Wagner tamb\u00e9m tiveram uma importante participa\u00e7\u00e3o nesse processo.<\/p>\n<p><strong>Entenda<\/strong><\/p>\n<p>Em Junho de 2018, o Ministro do STF Ricardo Lewandowski proferiu uma decis\u00e3o liminar na ADI 5.624 proposta pela FENAEE e CONTRAF\/CUT, determinando que todo processo de privatiza\u00e7\u00e3o no Brasil deveria passar por autoriza\u00e7\u00e3o legislativa e pelo devido processo de licita\u00e7\u00e3o.<\/p>\n<p>Este fato paralisou as privatiza\u00e7\u00f5es em curso no governo Michel Temer no ano de 2018, que inclu\u00edam a Transportadora Associada de G\u00e1s &#8211; TAG e Refinarias da Petrobras, \u00e0 \u00e9poca RNEST, RLAM, REPAR e REFAP.<\/p>\n<p>O Governo de Jair Bolsonaro, que tomou posse em 2019, desrespeitando esta decis\u00e3o, retomou os processos de privatiza\u00e7\u00e3o na Petrobr\u00e1s. Diante disso, a Advocacia Garcez, por meio dos Sindipetros que representa, entre eles o Sindipetro Bahia, ingressou com Reclama\u00e7\u00e3o Constitucional no STF para suspender a retomada das privatiza\u00e7\u00f5es pela Petrobr\u00e1s. No momento, o projeto de privatiza\u00e7\u00e3o mais avan\u00e7ado era o da TAG. O Ministro Edson Fachin concedeu liminar nesta Reclama\u00e7\u00e3o Constitucional, em maio de 2019, fato que paralisou os processos de privatiza\u00e7\u00e3o em curso.<\/p>\n<p>Este fato fez com que rapidamente as Liminares proferidas pelos Ministros do STF fossem julgadas em plen\u00e1rio, levando a Corte a decidir pelo meio termo, determinando que as subsidi\u00e1rias podem ser privatizadas sem autoriza\u00e7\u00e3o legislativa e em processo competitivo simplificado, desde que se respeite os princ\u00edpios da Administra\u00e7\u00e3o P\u00fablica; mas a empresa-matriz s\u00f3 pode ser privatizada com autoriza\u00e7\u00e3o legislativa e licita\u00e7\u00e3o.<\/p>\n<p>A estrat\u00e9gia da Petrobr\u00e1s para facilitar este processo de privatiza\u00e7\u00e3o foi a de transformar suas Refinarias em subsidi\u00e1rias para poder privatiz\u00e1-las sem autoriza\u00e7\u00e3o legislativa e sem licita\u00e7\u00e3o.<\/p>\n<p>Para o escrit\u00f3rio Advocacia Garcez, \u201cesta atitude consiste num verdadeiro desvio de finalidade do direito da Petrobr\u00e1s de criar subsidi\u00e1rias. A Companhia possui essa autoriza\u00e7\u00e3o para cumprir sua finalidade social, e n\u00e3o para privatizar ativos e fatiar a Empresa. Fato, inclusive, alertado pelo Plen\u00e1rio do Supremo Tribunal Federal\u201d.<\/p>\n<p><strong>A\u00e7\u00f5es e estrat\u00e9gia contra a privatiza\u00e7\u00e3o da Petrobr\u00e1s<\/strong><\/p>\n<p>Al\u00e9m da Reclama\u00e7\u00e3o Constitucional no STF para suspender a retomada das privatiza\u00e7\u00f5es pela Petrobr\u00e1s, a Advocacia Garcez ingressou com A\u00e7\u00e3o Popular demonstrando esse desvio de finalidade e pedindo a paralisa\u00e7\u00e3o da privatiza\u00e7\u00e3o das Refinarias que n\u00e3o tenha autoriza\u00e7\u00e3o legislativa e licita\u00e7\u00e3o. Esta a\u00e7\u00e3o ainda n\u00e3o teve senten\u00e7a.<\/p>\n<p>Os advogados da Advocacia Garcez foram substabelecidos nesta ADI e informaram ao Ministro Ricardo Lewandowski o desvio de finalidade que a Companhia praticava. Ao mesmo tempo, em conjunto com os diretores da FUP e Sindipetros, entraram em contato com Senadores comprometidos com a defesa da Petrobr\u00e1s, como Jean-Paul Prates do Rio Grande do Norte e Jacques Wagner da Bahia, al\u00e9m de iniciar articula\u00e7\u00f5es com a Frente Parlamentar em Defesa da Petrobr\u00e1s, criada no ano de 2019 neste cen\u00e1rio de desmonte da Companhia.<\/p>\n<p>A Advocacia Garcez contribuiu com o conjunto probat\u00f3rio e o debate sobre a iniciativa em aux\u00edlio \u00e0 procuradoria do Congresso Nacional e gra\u00e7as a todo o trabalho feito e \u00e0 articula\u00e7\u00e3o dos Senadores, sob lideran\u00e7a do Senador Jean Paul, o Congresso Nacional, representado pelas Mesas Diretoras do Senado Federal e da C\u00e2mara dos Deputados, ingressou com pedido de Tutela Provis\u00f3ria nesta ADI para que o STF afirme que &#8220;a cria\u00e7\u00e3o artificial de subsidi\u00e1rias, isto \u00e9, a constitui\u00e7\u00e3o de novas subsidi\u00e1rias a partir de desmembramentos da empresa-matriz, quando se cuidar de um processo n\u00e3o orientado por novas oportunidades de mercado, mas sim pelo interesse na aliena\u00e7\u00e3o de ativos, configura desvio de finalidade, sendo pr\u00e1tica proibida e inconstitucional&#8221;.<\/p>\n<p><em><strong>Fonte \u2013 Sindipetro Bahia e Advocacia Garcez<\/strong><\/em><\/p>\n","protected":false},"excerpt":{"rendered":"O Congresso Nacional, representado pelas Mesas Diretoras do Senado Federal e da C\u00e2mara dos Deputados, em documento assinado pelo presidente do Senado Federal, Davi Alcolumbre e Rodrigo Maia, presidente da C\u00e2mara, ingressou no Supremo Tribunal Federal (STF), no dia 1\/07, com um pedido de liminar (Requisito de Tutela Provis\u00f3ria Incidental na ADI 5.624 sob relatoria&#8230; <a class=\"view-article\" href=\"http:\/\/www.sindipetroba.org.br\/2019\/presidentes-da-camara-e-senado-federal-entram-com-acao-no-stf-questionando-o-processo-de-privatizacao-da-petrobras\/\">Ver artigo<\/a>","protected":false},"author":1,"featured_media":8286,"comment_status":"closed","ping_status":"open","sticky":false,"template":"","format":"standard","meta":{"_et_pb_use_builder":"","_et_pb_old_content":"","_et_gb_content_width":"","footnotes":""},"categories":[1],"tags":[928,929,785,32,69,44,927,130],"class_list":["post-8436","post","type-post","status-publish","format-standard","has-post-thumbnail","hentry","category-noticia","tag-camara","tag-camara-dos-deputados","tag-congresso-nacional","tag-petrobras","tag-privatizacao","tag-rlam","tag-senado-federal","tag-stf"],"yoast_head":"<!-- This site is optimized with the Yoast SEO plugin v27.3 - https:\/\/yoast.com\/product\/yoast-seo-wordpress\/ -->\n<title>Presidentes da C\u00e2mara e Senado Federal entram com a\u00e7\u00e3o no STF questionando o processo de privatiza\u00e7\u00e3o da Petrobr\u00e1s - Sindipetro BA<\/title>\n<meta name=\"robots\" content=\"index, follow, max-snippet:-1, max-image-preview:large, max-video-preview:-1\" \/>\n<link rel=\"canonical\" href=\"http:\/\/www.sindipetroba.org.br\/2019\/presidentes-da-camara-e-senado-federal-entram-com-acao-no-stf-questionando-o-processo-de-privatizacao-da-petrobras\/\" \/>\n<meta property=\"og:locale\" content=\"pt_BR\" \/>\n<meta property=\"og:type\" content=\"article\" \/>\n<meta property=\"og:title\" content=\"Presidentes da C\u00e2mara e Senado Federal entram com a\u00e7\u00e3o no STF questionando o processo de privatiza\u00e7\u00e3o da Petrobr\u00e1s - Sindipetro BA\" \/>\n<meta property=\"og:description\" content=\"O Congresso Nacional, representado pelas Mesas Diretoras do Senado Federal e da C\u00e2mara dos Deputados, em documento assinado pelo presidente do Senado Federal, Davi Alcolumbre e Rodrigo Maia, presidente da C\u00e2mara, ingressou no Supremo Tribunal Federal (STF), no dia 1\/07, com um pedido de liminar (Requisito de Tutela Provis\u00f3ria Incidental na ADI 5.624 sob relatoria... Ver artigo\" \/>\n<meta property=\"og:url\" content=\"http:\/\/www.sindipetroba.org.br\/2019\/presidentes-da-camara-e-senado-federal-entram-com-acao-no-stf-questionando-o-processo-de-privatizacao-da-petrobras\/\" \/>\n<meta property=\"og:site_name\" content=\"Sindipetro BA\" \/>\n<meta property=\"article:publisher\" content=\"https:\/\/www.facebook.com\/sindipetroBa\/\" \/>\n<meta property=\"article:published_time\" content=\"2020-07-03T18:45:09+00:00\" \/>\n<meta property=\"article:modified_time\" content=\"2020-07-03T18:52:50+00:00\" \/>\n<meta property=\"og:image\" content=\"http:\/\/www.sindipetroba.org.br\/2019\/wp-content\/uploads\/2020\/06\/ec1ec22b8448378f476b7b7f491e74fb_L.jpg\" \/>\n\t<meta property=\"og:image:width\" content=\"900\" \/>\n\t<meta property=\"og:image:height\" content=\"604\" \/>\n\t<meta property=\"og:image:type\" content=\"image\/jpeg\" \/>\n<meta name=\"author\" content=\"admsp\" \/>\n<meta name=\"twitter:card\" content=\"summary_large_image\" \/>\n<meta name=\"twitter:creator\" content=\"@SindipetroBahia\" \/>\n<meta name=\"twitter:site\" content=\"@SindipetroBahia\" \/>\n<meta name=\"twitter:label1\" content=\"Escrito por\" \/>\n\t<meta name=\"twitter:data1\" content=\"admsp\" \/>\n\t<meta name=\"twitter:label2\" content=\"Est. tempo de leitura\" \/>\n\t<meta name=\"twitter:data2\" content=\"5 minutos\" \/>\n<script type=\"application\/ld+json\" class=\"yoast-schema-graph\">{\"@context\":\"https:\\\/\\\/schema.org\",\"@graph\":[{\"@type\":\"Article\",\"@id\":\"http:\\\/\\\/www.sindipetroba.org.br\\\/2019\\\/presidentes-da-camara-e-senado-federal-entram-com-acao-no-stf-questionando-o-processo-de-privatizacao-da-petrobras\\\/#article\",\"isPartOf\":{\"@id\":\"http:\\\/\\\/www.sindipetroba.org.br\\\/2019\\\/presidentes-da-camara-e-senado-federal-entram-com-acao-no-stf-questionando-o-processo-de-privatizacao-da-petrobras\\\/\"},\"author\":{\"name\":\"admsp\",\"@id\":\"http:\\\/\\\/www.sindipetroba.org.br\\\/2019\\\/#\\\/schema\\\/person\\\/e61228ef9f981537d4c4eb80f6ea7713\"},\"headline\":\"Presidentes da C\u00e2mara e Senado Federal entram com a\u00e7\u00e3o no STF questionando o processo de privatiza\u00e7\u00e3o da Petrobr\u00e1s\",\"datePublished\":\"2020-07-03T18:45:09+00:00\",\"dateModified\":\"2020-07-03T18:52:50+00:00\",\"mainEntityOfPage\":{\"@id\":\"http:\\\/\\\/www.sindipetroba.org.br\\\/2019\\\/presidentes-da-camara-e-senado-federal-entram-com-acao-no-stf-questionando-o-processo-de-privatizacao-da-petrobras\\\/\"},\"wordCount\":951,\"publisher\":{\"@id\":\"http:\\\/\\\/www.sindipetroba.org.br\\\/2019\\\/#organization\"},\"image\":{\"@id\":\"http:\\\/\\\/www.sindipetroba.org.br\\\/2019\\\/presidentes-da-camara-e-senado-federal-entram-com-acao-no-stf-questionando-o-processo-de-privatizacao-da-petrobras\\\/#primaryimage\"},\"thumbnailUrl\":\"http:\\\/\\\/www.sindipetroba.org.br\\\/2019\\\/wp-content\\\/uploads\\\/2020\\\/06\\\/ec1ec22b8448378f476b7b7f491e74fb_L.jpg\",\"keywords\":[\"C\u00e2mara\",\"C\u00e2mara dos Deputados\",\"Congresso Nacional\",\"petrobras\",\"privatiza\u00e7\u00e3o\",\"RLAM\",\"Senado Federal\",\"STF\"],\"articleSection\":[\"Not\u00edcia\"],\"inLanguage\":\"pt-BR\"},{\"@type\":\"WebPage\",\"@id\":\"http:\\\/\\\/www.sindipetroba.org.br\\\/2019\\\/presidentes-da-camara-e-senado-federal-entram-com-acao-no-stf-questionando-o-processo-de-privatizacao-da-petrobras\\\/\",\"url\":\"http:\\\/\\\/www.sindipetroba.org.br\\\/2019\\\/presidentes-da-camara-e-senado-federal-entram-com-acao-no-stf-questionando-o-processo-de-privatizacao-da-petrobras\\\/\",\"name\":\"Presidentes da C\u00e2mara e Senado Federal entram com a\u00e7\u00e3o no STF questionando o processo de privatiza\u00e7\u00e3o da Petrobr\u00e1s - Sindipetro BA\",\"isPartOf\":{\"@id\":\"http:\\\/\\\/www.sindipetroba.org.br\\\/2019\\\/#website\"},\"primaryImageOfPage\":{\"@id\":\"http:\\\/\\\/www.sindipetroba.org.br\\\/2019\\\/presidentes-da-camara-e-senado-federal-entram-com-acao-no-stf-questionando-o-processo-de-privatizacao-da-petrobras\\\/#primaryimage\"},\"image\":{\"@id\":\"http:\\\/\\\/www.sindipetroba.org.br\\\/2019\\\/presidentes-da-camara-e-senado-federal-entram-com-acao-no-stf-questionando-o-processo-de-privatizacao-da-petrobras\\\/#primaryimage\"},\"thumbnailUrl\":\"http:\\\/\\\/www.sindipetroba.org.br\\\/2019\\\/wp-content\\\/uploads\\\/2020\\\/06\\\/ec1ec22b8448378f476b7b7f491e74fb_L.jpg\",\"datePublished\":\"2020-07-03T18:45:09+00:00\",\"dateModified\":\"2020-07-03T18:52:50+00:00\",\"breadcrumb\":{\"@id\":\"http:\\\/\\\/www.sindipetroba.org.br\\\/2019\\\/presidentes-da-camara-e-senado-federal-entram-com-acao-no-stf-questionando-o-processo-de-privatizacao-da-petrobras\\\/#breadcrumb\"},\"inLanguage\":\"pt-BR\",\"potentialAction\":[{\"@type\":\"ReadAction\",\"target\":[\"http:\\\/\\\/www.sindipetroba.org.br\\\/2019\\\/presidentes-da-camara-e-senado-federal-entram-com-acao-no-stf-questionando-o-processo-de-privatizacao-da-petrobras\\\/\"]}]},{\"@type\":\"ImageObject\",\"inLanguage\":\"pt-BR\",\"@id\":\"http:\\\/\\\/www.sindipetroba.org.br\\\/2019\\\/presidentes-da-camara-e-senado-federal-entram-com-acao-no-stf-questionando-o-processo-de-privatizacao-da-petrobras\\\/#primaryimage\",\"url\":\"http:\\\/\\\/www.sindipetroba.org.br\\\/2019\\\/wp-content\\\/uploads\\\/2020\\\/06\\\/ec1ec22b8448378f476b7b7f491e74fb_L.jpg\",\"contentUrl\":\"http:\\\/\\\/www.sindipetroba.org.br\\\/2019\\\/wp-content\\\/uploads\\\/2020\\\/06\\\/ec1ec22b8448378f476b7b7f491e74fb_L.jpg\",\"width\":900,\"height\":604},{\"@type\":\"BreadcrumbList\",\"@id\":\"http:\\\/\\\/www.sindipetroba.org.br\\\/2019\\\/presidentes-da-camara-e-senado-federal-entram-com-acao-no-stf-questionando-o-processo-de-privatizacao-da-petrobras\\\/#breadcrumb\",\"itemListElement\":[{\"@type\":\"ListItem\",\"position\":1,\"name\":\"In\u00edcio\",\"item\":\"http:\\\/\\\/www.sindipetroba.org.br\\\/2019\\\/\"},{\"@type\":\"ListItem\",\"position\":2,\"name\":\"Presidentes da C\u00e2mara e Senado Federal entram com a\u00e7\u00e3o no STF questionando o processo de privatiza\u00e7\u00e3o da Petrobr\u00e1s\"}]},{\"@type\":\"WebSite\",\"@id\":\"http:\\\/\\\/www.sindipetroba.org.br\\\/2019\\\/#website\",\"url\":\"http:\\\/\\\/www.sindipetroba.org.br\\\/2019\\\/\",\"name\":\"Sindipetro BA\",\"description\":\"Sindicato dos Petroleiros e Petroleiras do Estado da Bahia\",\"publisher\":{\"@id\":\"http:\\\/\\\/www.sindipetroba.org.br\\\/2019\\\/#organization\"},\"potentialAction\":[{\"@type\":\"SearchAction\",\"target\":{\"@type\":\"EntryPoint\",\"urlTemplate\":\"http:\\\/\\\/www.sindipetroba.org.br\\\/2019\\\/?s={search_term_string}\"},\"query-input\":{\"@type\":\"PropertyValueSpecification\",\"valueRequired\":true,\"valueName\":\"search_term_string\"}}],\"inLanguage\":\"pt-BR\"},{\"@type\":\"Organization\",\"@id\":\"http:\\\/\\\/www.sindipetroba.org.br\\\/2019\\\/#organization\",\"name\":\"Sindipetro BA\",\"url\":\"http:\\\/\\\/www.sindipetroba.org.br\\\/2019\\\/\",\"logo\":{\"@type\":\"ImageObject\",\"inLanguage\":\"pt-BR\",\"@id\":\"http:\\\/\\\/www.sindipetroba.org.br\\\/2019\\\/#\\\/schema\\\/logo\\\/image\\\/\",\"url\":\"http:\\\/\\\/www.sindipetroba.org.br\\\/2019\\\/wp-content\\\/uploads\\\/2019\\\/01\\\/sindipetro-marca-cor.png\",\"contentUrl\":\"http:\\\/\\\/www.sindipetroba.org.br\\\/2019\\\/wp-content\\\/uploads\\\/2019\\\/01\\\/sindipetro-marca-cor.png\",\"width\":350,\"height\":126,\"caption\":\"Sindipetro BA\"},\"image\":{\"@id\":\"http:\\\/\\\/www.sindipetroba.org.br\\\/2019\\\/#\\\/schema\\\/logo\\\/image\\\/\"},\"sameAs\":[\"https:\\\/\\\/www.facebook.com\\\/sindipetroBa\\\/\",\"https:\\\/\\\/x.com\\\/SindipetroBahia\",\"https:\\\/\\\/www.instagram.com\\\/sindipetroba\\\/\",\"https:\\\/\\\/www.youtube.com\\\/c\\\/SindipetroBahiaOficial\"]},{\"@type\":\"Person\",\"@id\":\"http:\\\/\\\/www.sindipetroba.org.br\\\/2019\\\/#\\\/schema\\\/person\\\/e61228ef9f981537d4c4eb80f6ea7713\",\"name\":\"admsp\",\"image\":{\"@type\":\"ImageObject\",\"inLanguage\":\"pt-BR\",\"@id\":\"https:\\\/\\\/secure.gravatar.com\\\/avatar\\\/50f06e2b746fe9248099d2c61c12342ab36327e9d413e3171dd7033b84800d96?s=96&d=mm&r=g\",\"url\":\"https:\\\/\\\/secure.gravatar.com\\\/avatar\\\/50f06e2b746fe9248099d2c61c12342ab36327e9d413e3171dd7033b84800d96?s=96&d=mm&r=g\",\"contentUrl\":\"https:\\\/\\\/secure.gravatar.com\\\/avatar\\\/50f06e2b746fe9248099d2c61c12342ab36327e9d413e3171dd7033b84800d96?s=96&d=mm&r=g\",\"caption\":\"admsp\"}}]}<\/script>\n<!-- \/ Yoast SEO plugin. -->","yoast_head_json":{"title":"Presidentes da C\u00e2mara e Senado Federal entram com a\u00e7\u00e3o no STF questionando o processo de privatiza\u00e7\u00e3o da Petrobr\u00e1s - Sindipetro BA","robots":{"index":"index","follow":"follow","max-snippet":"max-snippet:-1","max-image-preview":"max-image-preview:large","max-video-preview":"max-video-preview:-1"},"canonical":"http:\/\/www.sindipetroba.org.br\/2019\/presidentes-da-camara-e-senado-federal-entram-com-acao-no-stf-questionando-o-processo-de-privatizacao-da-petrobras\/","og_locale":"pt_BR","og_type":"article","og_title":"Presidentes da C\u00e2mara e Senado Federal entram com a\u00e7\u00e3o no STF questionando o processo de privatiza\u00e7\u00e3o da Petrobr\u00e1s - Sindipetro BA","og_description":"O Congresso Nacional, representado pelas Mesas Diretoras do Senado Federal e da C\u00e2mara dos Deputados, em documento assinado pelo presidente do Senado Federal, Davi Alcolumbre e Rodrigo Maia, presidente da C\u00e2mara, ingressou no Supremo Tribunal Federal (STF), no dia 1\/07, com um pedido de liminar (Requisito de Tutela Provis\u00f3ria Incidental na ADI 5.624 sob relatoria... Ver artigo","og_url":"http:\/\/www.sindipetroba.org.br\/2019\/presidentes-da-camara-e-senado-federal-entram-com-acao-no-stf-questionando-o-processo-de-privatizacao-da-petrobras\/","og_site_name":"Sindipetro BA","article_publisher":"https:\/\/www.facebook.com\/sindipetroBa\/","article_published_time":"2020-07-03T18:45:09+00:00","article_modified_time":"2020-07-03T18:52:50+00:00","og_image":[{"width":900,"height":604,"url":"http:\/\/www.sindipetroba.org.br\/2019\/wp-content\/uploads\/2020\/06\/ec1ec22b8448378f476b7b7f491e74fb_L.jpg","type":"image\/jpeg"}],"author":"admsp","twitter_card":"summary_large_image","twitter_creator":"@SindipetroBahia","twitter_site":"@SindipetroBahia","twitter_misc":{"Escrito por":"admsp","Est. tempo de leitura":"5 minutos"},"schema":{"@context":"https:\/\/schema.org","@graph":[{"@type":"Article","@id":"http:\/\/www.sindipetroba.org.br\/2019\/presidentes-da-camara-e-senado-federal-entram-com-acao-no-stf-questionando-o-processo-de-privatizacao-da-petrobras\/#article","isPartOf":{"@id":"http:\/\/www.sindipetroba.org.br\/2019\/presidentes-da-camara-e-senado-federal-entram-com-acao-no-stf-questionando-o-processo-de-privatizacao-da-petrobras\/"},"author":{"name":"admsp","@id":"http:\/\/www.sindipetroba.org.br\/2019\/#\/schema\/person\/e61228ef9f981537d4c4eb80f6ea7713"},"headline":"Presidentes da C\u00e2mara e Senado Federal entram com a\u00e7\u00e3o no STF questionando o processo de privatiza\u00e7\u00e3o da Petrobr\u00e1s","datePublished":"2020-07-03T18:45:09+00:00","dateModified":"2020-07-03T18:52:50+00:00","mainEntityOfPage":{"@id":"http:\/\/www.sindipetroba.org.br\/2019\/presidentes-da-camara-e-senado-federal-entram-com-acao-no-stf-questionando-o-processo-de-privatizacao-da-petrobras\/"},"wordCount":951,"publisher":{"@id":"http:\/\/www.sindipetroba.org.br\/2019\/#organization"},"image":{"@id":"http:\/\/www.sindipetroba.org.br\/2019\/presidentes-da-camara-e-senado-federal-entram-com-acao-no-stf-questionando-o-processo-de-privatizacao-da-petrobras\/#primaryimage"},"thumbnailUrl":"http:\/\/www.sindipetroba.org.br\/2019\/wp-content\/uploads\/2020\/06\/ec1ec22b8448378f476b7b7f491e74fb_L.jpg","keywords":["C\u00e2mara","C\u00e2mara dos Deputados","Congresso Nacional","petrobras","privatiza\u00e7\u00e3o","RLAM","Senado Federal","STF"],"articleSection":["Not\u00edcia"],"inLanguage":"pt-BR"},{"@type":"WebPage","@id":"http:\/\/www.sindipetroba.org.br\/2019\/presidentes-da-camara-e-senado-federal-entram-com-acao-no-stf-questionando-o-processo-de-privatizacao-da-petrobras\/","url":"http:\/\/www.sindipetroba.org.br\/2019\/presidentes-da-camara-e-senado-federal-entram-com-acao-no-stf-questionando-o-processo-de-privatizacao-da-petrobras\/","name":"Presidentes da C\u00e2mara e Senado Federal entram com a\u00e7\u00e3o no STF questionando o processo de privatiza\u00e7\u00e3o da Petrobr\u00e1s - Sindipetro BA","isPartOf":{"@id":"http:\/\/www.sindipetroba.org.br\/2019\/#website"},"primaryImageOfPage":{"@id":"http:\/\/www.sindipetroba.org.br\/2019\/presidentes-da-camara-e-senado-federal-entram-com-acao-no-stf-questionando-o-processo-de-privatizacao-da-petrobras\/#primaryimage"},"image":{"@id":"http:\/\/www.sindipetroba.org.br\/2019\/presidentes-da-camara-e-senado-federal-entram-com-acao-no-stf-questionando-o-processo-de-privatizacao-da-petrobras\/#primaryimage"},"thumbnailUrl":"http:\/\/www.sindipetroba.org.br\/2019\/wp-content\/uploads\/2020\/06\/ec1ec22b8448378f476b7b7f491e74fb_L.jpg","datePublished":"2020-07-03T18:45:09+00:00","dateModified":"2020-07-03T18:52:50+00:00","breadcrumb":{"@id":"http:\/\/www.sindipetroba.org.br\/2019\/presidentes-da-camara-e-senado-federal-entram-com-acao-no-stf-questionando-o-processo-de-privatizacao-da-petrobras\/#breadcrumb"},"inLanguage":"pt-BR","potentialAction":[{"@type":"ReadAction","target":["http:\/\/www.sindipetroba.org.br\/2019\/presidentes-da-camara-e-senado-federal-entram-com-acao-no-stf-questionando-o-processo-de-privatizacao-da-petrobras\/"]}]},{"@type":"ImageObject","inLanguage":"pt-BR","@id":"http:\/\/www.sindipetroba.org.br\/2019\/presidentes-da-camara-e-senado-federal-entram-com-acao-no-stf-questionando-o-processo-de-privatizacao-da-petrobras\/#primaryimage","url":"http:\/\/www.sindipetroba.org.br\/2019\/wp-content\/uploads\/2020\/06\/ec1ec22b8448378f476b7b7f491e74fb_L.jpg","contentUrl":"http:\/\/www.sindipetroba.org.br\/2019\/wp-content\/uploads\/2020\/06\/ec1ec22b8448378f476b7b7f491e74fb_L.jpg","width":900,"height":604},{"@type":"BreadcrumbList","@id":"http:\/\/www.sindipetroba.org.br\/2019\/presidentes-da-camara-e-senado-federal-entram-com-acao-no-stf-questionando-o-processo-de-privatizacao-da-petrobras\/#breadcrumb","itemListElement":[{"@type":"ListItem","position":1,"name":"In\u00edcio","item":"http:\/\/www.sindipetroba.org.br\/2019\/"},{"@type":"ListItem","position":2,"name":"Presidentes da C\u00e2mara e Senado Federal entram com a\u00e7\u00e3o no STF questionando o processo de privatiza\u00e7\u00e3o da Petrobr\u00e1s"}]},{"@type":"WebSite","@id":"http:\/\/www.sindipetroba.org.br\/2019\/#website","url":"http:\/\/www.sindipetroba.org.br\/2019\/","name":"Sindipetro BA","description":"Sindicato dos Petroleiros e Petroleiras do Estado da Bahia","publisher":{"@id":"http:\/\/www.sindipetroba.org.br\/2019\/#organization"},"potentialAction":[{"@type":"SearchAction","target":{"@type":"EntryPoint","urlTemplate":"http:\/\/www.sindipetroba.org.br\/2019\/?s={search_term_string}"},"query-input":{"@type":"PropertyValueSpecification","valueRequired":true,"valueName":"search_term_string"}}],"inLanguage":"pt-BR"},{"@type":"Organization","@id":"http:\/\/www.sindipetroba.org.br\/2019\/#organization","name":"Sindipetro BA","url":"http:\/\/www.sindipetroba.org.br\/2019\/","logo":{"@type":"ImageObject","inLanguage":"pt-BR","@id":"http:\/\/www.sindipetroba.org.br\/2019\/#\/schema\/logo\/image\/","url":"http:\/\/www.sindipetroba.org.br\/2019\/wp-content\/uploads\/2019\/01\/sindipetro-marca-cor.png","contentUrl":"http:\/\/www.sindipetroba.org.br\/2019\/wp-content\/uploads\/2019\/01\/sindipetro-marca-cor.png","width":350,"height":126,"caption":"Sindipetro BA"},"image":{"@id":"http:\/\/www.sindipetroba.org.br\/2019\/#\/schema\/logo\/image\/"},"sameAs":["https:\/\/www.facebook.com\/sindipetroBa\/","https:\/\/x.com\/SindipetroBahia","https:\/\/www.instagram.com\/sindipetroba\/","https:\/\/www.youtube.com\/c\/SindipetroBahiaOficial"]},{"@type":"Person","@id":"http:\/\/www.sindipetroba.org.br\/2019\/#\/schema\/person\/e61228ef9f981537d4c4eb80f6ea7713","name":"admsp","image":{"@type":"ImageObject","inLanguage":"pt-BR","@id":"https:\/\/secure.gravatar.com\/avatar\/50f06e2b746fe9248099d2c61c12342ab36327e9d413e3171dd7033b84800d96?s=96&d=mm&r=g","url":"https:\/\/secure.gravatar.com\/avatar\/50f06e2b746fe9248099d2c61c12342ab36327e9d413e3171dd7033b84800d96?s=96&d=mm&r=g","contentUrl":"https:\/\/secure.gravatar.com\/avatar\/50f06e2b746fe9248099d2c61c12342ab36327e9d413e3171dd7033b84800d96?s=96&d=mm&r=g","caption":"admsp"}}]}},"_links":{"self":[{"href":"http:\/\/www.sindipetroba.org.br\/2019\/wp-json\/wp\/v2\/posts\/8436","targetHints":{"allow":["GET"]}}],"collection":[{"href":"http:\/\/www.sindipetroba.org.br\/2019\/wp-json\/wp\/v2\/posts"}],"about":[{"href":"http:\/\/www.sindipetroba.org.br\/2019\/wp-json\/wp\/v2\/types\/post"}],"author":[{"embeddable":true,"href":"http:\/\/www.sindipetroba.org.br\/2019\/wp-json\/wp\/v2\/users\/1"}],"replies":[{"embeddable":true,"href":"http:\/\/www.sindipetroba.org.br\/2019\/wp-json\/wp\/v2\/comments?post=8436"}],"version-history":[{"count":2,"href":"http:\/\/www.sindipetroba.org.br\/2019\/wp-json\/wp\/v2\/posts\/8436\/revisions"}],"predecessor-version":[{"id":8440,"href":"http:\/\/www.sindipetroba.org.br\/2019\/wp-json\/wp\/v2\/posts\/8436\/revisions\/8440"}],"wp:featuredmedia":[{"embeddable":true,"href":"http:\/\/www.sindipetroba.org.br\/2019\/wp-json\/wp\/v2\/media\/8286"}],"wp:attachment":[{"href":"http:\/\/www.sindipetroba.org.br\/2019\/wp-json\/wp\/v2\/media?parent=8436"}],"wp:term":[{"taxonomy":"category","embeddable":true,"href":"http:\/\/www.sindipetroba.org.br\/2019\/wp-json\/wp\/v2\/categories?post=8436"},{"taxonomy":"post_tag","embeddable":true,"href":"http:\/\/www.sindipetroba.org.br\/2019\/wp-json\/wp\/v2\/tags?post=8436"}],"curies":[{"name":"wp","href":"https:\/\/api.w.org\/{rel}","templated":true}]}}