{"id":8594,"date":"2020-07-08T17:13:04","date_gmt":"2020-07-08T20:13:04","guid":{"rendered":"http:\/\/www.sindipetroba.org.br\/2019\/?p=8594"},"modified":"2020-07-08T17:14:53","modified_gmt":"2020-07-08T20:14:53","slug":"fup-convoca-petroleiros-e-petroleiras-a-ocupar-as-redes-nesta-sexta-dia-nacional-de-mobilizacao-pelo-forabolsonaro","status":"publish","type":"post","link":"http:\/\/www.sindipetroba.org.br\/2019\/fup-convoca-petroleiros-e-petroleiras-a-ocupar-as-redes-nesta-sexta-dia-nacional-de-mobilizacao-pelo-forabolsonaro\/","title":{"rendered":"FUP convoca petroleiros e petroleiras a ocupar as redes nesta sexta, Dia Nacional de Mobiliza\u00e7\u00e3o pelo #ForaBolsonaro"},"content":{"rendered":"<p>Nesta sexta-feira (10), os petroleiros se somar\u00e3o ao Dia Nacional de Mobiliza\u00e7\u00e3o pelo #ForaBolsonaro, convocado pelas centrais sindicais e movimentos sociais que integram as Frentes Brasil Popular e Povo Sem Medo. O objetivo \u00e9 ocupar as redes sociais e dar visibilidade \u00e0s mobiliza\u00e7\u00f5es que ser\u00e3o realizadas. A orienta\u00e7\u00e3o da FUP \u00e9 que os sindicatos participem da atividades, engajando os trabalhadores com a tag\u00a0#ForaBolsonaro.<\/p>\n<p>As lideran\u00e7as petroleiras tamb\u00e9m estar\u00e3o presentes aos atos de rua e \u00e0s mobiliza\u00e7\u00f5es nas redes, com depoimentos e v\u00eddeos, explicando a import\u00e2ncia\u00a0de supera\u00e7\u00e3o do governo\u00a0de\u00a0Jair Bolsonaro. S\u00f3 assim, ser\u00e1 poss\u00edvel garantir a reconstru\u00e7\u00e3o do\u00a0pa\u00eds, com a retomada da democracia, dos direitos e das conquistas sociais\u00a0que foram usurpados dos brasileiros e brasileiras, abandonados \u00e0 pr\u00f3pria sorte.<\/p>\n<p><strong>Veja como participar<\/strong><\/p>\n<p>As centrais sindicais e movimentos sociais est\u00e3o organizando atos simb\u00f3licos na sexta-feira, 10, para chamar a aten\u00e7\u00e3o da sociedade brasileira e do mundo para a agenda unit\u00e1ria da classe trabalhadora\u00a0que cobra a sa\u00edda\u00a0do governo Bolsonaro e a constru\u00e7\u00e3o de uma agenda positiva para o pa\u00eds, com propostas de suspera\u00e7\u00e3o das\u00a0crises econ\u00f4mica e sanit\u00e1ria.<\/p>\n<p>Ser\u00e3o realizadas a\u00e7\u00f5es nas ruas, sem aglomera\u00e7\u00e3o, com instala\u00e7\u00f5es p\u00fablicas, divulga\u00e7\u00e3o de cartazes, faixas, outdoors, adesiva\u00e7os e outras formas de protesto que n\u00e3o coloquem em risco os manifestantes e atendam \u00e0s exig\u00eancias sanit\u00e1rias de preven\u00e7\u00e3o \u00e0 contamina\u00e7\u00e3o do coronav\u00edrus. Nos locais de trabalho, a orienta\u00e7\u00e3o \u00e9 que sejam feitas assembleias e atos nas portas das unidades.<\/p>\n<p><strong>Pr\u00f3ximos passos da luta<\/strong><\/p>\n<p>Na sequ\u00eancia do Dia Nacional Dia Nacional de Mobiliza\u00e7\u00e3o, a\u00a0<strong>Campanha Fora Bolsonaro<\/strong>\u00a0realizar\u00e1 uma Plen\u00e1ria Virtual no s\u00e1bado, 11, reunindo participantes de todo o pa\u00eds. Nesta atividade, ser\u00e3o definidas as pr\u00f3ximas a\u00e7\u00f5es da campanha. As entidades que integram a campanha tamb\u00e9m far\u00e3o mobiliza\u00e7\u00f5es regionais para fortalecer os dias 10 e 11.<\/p>\n<p><strong>Pedido popular de impeachment<\/strong><\/p>\n<p>A CUT, movimentos sociais, frentes e organiza\u00e7\u00f5es da sociedade civil, juristas, intelectuais e personalidades da pol\u00edtica, do meio acad\u00eamico e das artes est\u00e3o fazendo um chamado \u00e0 ades\u00e3o para um pedido popular de impeachment do governo de Bolsonaro.<\/p>\n<p>O objetivo \u00e9 que este pedido seja express\u00e3o da vontade e posicionamento pol\u00edtico de um numeroso e diverso conjunto de organiza\u00e7\u00f5es da sociedade civil, dos movimentos populares e do movimento sindical e seja entregue ao Congresso Nacional na semana de 13 a 17 de julho.<\/p>\n<p>A formaliza\u00e7\u00e3o da ades\u00e3o ao pedido dever\u00e1 ser feita atrav\u00e9s do preenchimento do\u00a0<a href=\"https:\/\/bit.ly\/impeachmentpopularBolsonaro\">formul\u00e1rio eletr\u00f4nico<\/a>\u00a0at\u00e9 dia 10 de julho e quaisquer d\u00favidas formais ou jur\u00eddicas poder\u00e3o ser esclarecidas pelo e-mail\u00a0<span id=\"cloak008aa472b979e6c9a283d03970fc0f9f\"><a href=\"mailto:impedimentobolsonaro@gmail.com\">impedimentobolsonaro@gmail.com<\/a><\/span>.<\/p>\n<p><strong><em>[Com informa\u00e7\u00f5es da CUT]<\/em><\/strong><\/p>\n","protected":false},"excerpt":{"rendered":"Nesta sexta-feira (10), os petroleiros se somar\u00e3o ao Dia Nacional de Mobiliza\u00e7\u00e3o pelo #ForaBolsonaro, convocado pelas centrais sindicais e movimentos sociais que integram as Frentes Brasil Popular e Povo Sem Medo. O objetivo \u00e9 ocupar as redes sociais e dar visibilidade \u00e0s mobiliza\u00e7\u00f5es que ser\u00e3o realizadas. A orienta\u00e7\u00e3o da FUP \u00e9 que os sindicatos participem&#8230; <a class=\"view-article\" href=\"http:\/\/www.sindipetroba.org.br\/2019\/fup-convoca-petroleiros-e-petroleiras-a-ocupar-as-redes-nesta-sexta-dia-nacional-de-mobilizacao-pelo-forabolsonaro\/\">Ver artigo<\/a>","protected":false},"author":4,"featured_media":8595,"comment_status":"closed","ping_status":"open","sticky":false,"template":"","format":"standard","meta":{"_et_pb_use_builder":"","_et_pb_old_content":"","_et_gb_content_width":"","footnotes":""},"categories":[1],"tags":[961,966,960,964,963,790,965,962],"class_list":["post-8594","post","type-post","status-publish","format-standard","has-post-thumbnail","hentry","category-noticia","tag-adesivacos","tag-assembleias-e-atos","tag-dia-nacional-dia-nacional-de-mobilizacao","tag-divulgacao-de-cartazes","tag-faixas","tag-fora-bolsonaro","tag-instalacoes-publicas","tag-outdoors"],"yoast_head":"<!-- This site is optimized with the Yoast SEO plugin v27.3 - https:\/\/yoast.com\/product\/yoast-seo-wordpress\/ -->\n<title>FUP convoca petroleiros e petroleiras a ocupar as redes nesta sexta, Dia Nacional de Mobiliza\u00e7\u00e3o pelo #ForaBolsonaro - Sindipetro BA<\/title>\n<meta name=\"robots\" content=\"index, follow, max-snippet:-1, max-image-preview:large, max-video-preview:-1\" \/>\n<link rel=\"canonical\" href=\"http:\/\/www.sindipetroba.org.br\/2019\/fup-convoca-petroleiros-e-petroleiras-a-ocupar-as-redes-nesta-sexta-dia-nacional-de-mobilizacao-pelo-forabolsonaro\/\" \/>\n<meta property=\"og:locale\" content=\"pt_BR\" \/>\n<meta property=\"og:type\" content=\"article\" \/>\n<meta property=\"og:title\" content=\"FUP convoca petroleiros e petroleiras a ocupar as redes nesta sexta, Dia Nacional de Mobiliza\u00e7\u00e3o pelo #ForaBolsonaro - Sindipetro BA\" \/>\n<meta property=\"og:description\" content=\"Nesta sexta-feira (10), os petroleiros se somar\u00e3o ao Dia Nacional de Mobiliza\u00e7\u00e3o pelo #ForaBolsonaro, convocado pelas centrais sindicais e movimentos sociais que integram as Frentes Brasil Popular e Povo Sem Medo. O objetivo \u00e9 ocupar as redes sociais e dar visibilidade \u00e0s mobiliza\u00e7\u00f5es que ser\u00e3o realizadas. A orienta\u00e7\u00e3o da FUP \u00e9 que os sindicatos participem... Ver artigo\" \/>\n<meta property=\"og:url\" content=\"http:\/\/www.sindipetroba.org.br\/2019\/fup-convoca-petroleiros-e-petroleiras-a-ocupar-as-redes-nesta-sexta-dia-nacional-de-mobilizacao-pelo-forabolsonaro\/\" \/>\n<meta property=\"og:site_name\" content=\"Sindipetro BA\" \/>\n<meta property=\"article:publisher\" content=\"https:\/\/www.facebook.com\/sindipetroBa\/\" \/>\n<meta property=\"article:published_time\" content=\"2020-07-08T20:13:04+00:00\" \/>\n<meta property=\"article:modified_time\" content=\"2020-07-08T20:14:53+00:00\" \/>\n<meta property=\"og:image\" content=\"http:\/\/www.sindipetroba.org.br\/2019\/wp-content\/uploads\/2020\/07\/3a25b8c9ec0604823b9a6d162c74273e_L.jpg\" \/>\n\t<meta property=\"og:image:width\" content=\"900\" \/>\n\t<meta property=\"og:image:height\" content=\"591\" \/>\n\t<meta property=\"og:image:type\" content=\"image\/jpeg\" \/>\n<meta name=\"author\" content=\"ASCOM\" \/>\n<meta name=\"twitter:card\" content=\"summary_large_image\" \/>\n<meta name=\"twitter:creator\" content=\"@SindipetroBahia\" \/>\n<meta name=\"twitter:site\" content=\"@SindipetroBahia\" \/>\n<meta name=\"twitter:label1\" content=\"Escrito por\" \/>\n\t<meta name=\"twitter:data1\" content=\"ASCOM\" \/>\n\t<meta name=\"twitter:label2\" content=\"Est. tempo de leitura\" \/>\n\t<meta name=\"twitter:data2\" content=\"2 minutos\" \/>\n<script type=\"application\/ld+json\" class=\"yoast-schema-graph\">{\"@context\":\"https:\\\/\\\/schema.org\",\"@graph\":[{\"@type\":\"Article\",\"@id\":\"http:\\\/\\\/www.sindipetroba.org.br\\\/2019\\\/fup-convoca-petroleiros-e-petroleiras-a-ocupar-as-redes-nesta-sexta-dia-nacional-de-mobilizacao-pelo-forabolsonaro\\\/#article\",\"isPartOf\":{\"@id\":\"http:\\\/\\\/www.sindipetroba.org.br\\\/2019\\\/fup-convoca-petroleiros-e-petroleiras-a-ocupar-as-redes-nesta-sexta-dia-nacional-de-mobilizacao-pelo-forabolsonaro\\\/\"},\"author\":{\"name\":\"ASCOM\",\"@id\":\"http:\\\/\\\/www.sindipetroba.org.br\\\/2019\\\/#\\\/schema\\\/person\\\/80e88dbf823328ddad08b17600055a3c\"},\"headline\":\"FUP convoca petroleiros e petroleiras a ocupar as redes nesta sexta, Dia Nacional de Mobiliza\u00e7\u00e3o pelo #ForaBolsonaro\",\"datePublished\":\"2020-07-08T20:13:04+00:00\",\"dateModified\":\"2020-07-08T20:14:53+00:00\",\"mainEntityOfPage\":{\"@id\":\"http:\\\/\\\/www.sindipetroba.org.br\\\/2019\\\/fup-convoca-petroleiros-e-petroleiras-a-ocupar-as-redes-nesta-sexta-dia-nacional-de-mobilizacao-pelo-forabolsonaro\\\/\"},\"wordCount\":492,\"publisher\":{\"@id\":\"http:\\\/\\\/www.sindipetroba.org.br\\\/2019\\\/#organization\"},\"image\":{\"@id\":\"http:\\\/\\\/www.sindipetroba.org.br\\\/2019\\\/fup-convoca-petroleiros-e-petroleiras-a-ocupar-as-redes-nesta-sexta-dia-nacional-de-mobilizacao-pelo-forabolsonaro\\\/#primaryimage\"},\"thumbnailUrl\":\"http:\\\/\\\/www.sindipetroba.org.br\\\/2019\\\/wp-content\\\/uploads\\\/2020\\\/07\\\/3a25b8c9ec0604823b9a6d162c74273e_L.jpg\",\"keywords\":[\"adesiva\u00e7os\",\"assembleias e atos\",\"Dia Nacional Dia Nacional de Mobiliza\u00e7\u00e3o\",\"divulga\u00e7\u00e3o de cartazes\",\"faixas\",\"Fora Bolsonaro\",\"instala\u00e7\u00f5es p\u00fablicas\",\"outdoors\"],\"articleSection\":[\"Not\u00edcia\"],\"inLanguage\":\"pt-BR\"},{\"@type\":\"WebPage\",\"@id\":\"http:\\\/\\\/www.sindipetroba.org.br\\\/2019\\\/fup-convoca-petroleiros-e-petroleiras-a-ocupar-as-redes-nesta-sexta-dia-nacional-de-mobilizacao-pelo-forabolsonaro\\\/\",\"url\":\"http:\\\/\\\/www.sindipetroba.org.br\\\/2019\\\/fup-convoca-petroleiros-e-petroleiras-a-ocupar-as-redes-nesta-sexta-dia-nacional-de-mobilizacao-pelo-forabolsonaro\\\/\",\"name\":\"FUP convoca petroleiros e petroleiras a ocupar as redes nesta sexta, Dia Nacional de Mobiliza\u00e7\u00e3o pelo #ForaBolsonaro - Sindipetro BA\",\"isPartOf\":{\"@id\":\"http:\\\/\\\/www.sindipetroba.org.br\\\/2019\\\/#website\"},\"primaryImageOfPage\":{\"@id\":\"http:\\\/\\\/www.sindipetroba.org.br\\\/2019\\\/fup-convoca-petroleiros-e-petroleiras-a-ocupar-as-redes-nesta-sexta-dia-nacional-de-mobilizacao-pelo-forabolsonaro\\\/#primaryimage\"},\"image\":{\"@id\":\"http:\\\/\\\/www.sindipetroba.org.br\\\/2019\\\/fup-convoca-petroleiros-e-petroleiras-a-ocupar-as-redes-nesta-sexta-dia-nacional-de-mobilizacao-pelo-forabolsonaro\\\/#primaryimage\"},\"thumbnailUrl\":\"http:\\\/\\\/www.sindipetroba.org.br\\\/2019\\\/wp-content\\\/uploads\\\/2020\\\/07\\\/3a25b8c9ec0604823b9a6d162c74273e_L.jpg\",\"datePublished\":\"2020-07-08T20:13:04+00:00\",\"dateModified\":\"2020-07-08T20:14:53+00:00\",\"breadcrumb\":{\"@id\":\"http:\\\/\\\/www.sindipetroba.org.br\\\/2019\\\/fup-convoca-petroleiros-e-petroleiras-a-ocupar-as-redes-nesta-sexta-dia-nacional-de-mobilizacao-pelo-forabolsonaro\\\/#breadcrumb\"},\"inLanguage\":\"pt-BR\",\"potentialAction\":[{\"@type\":\"ReadAction\",\"target\":[\"http:\\\/\\\/www.sindipetroba.org.br\\\/2019\\\/fup-convoca-petroleiros-e-petroleiras-a-ocupar-as-redes-nesta-sexta-dia-nacional-de-mobilizacao-pelo-forabolsonaro\\\/\"]}]},{\"@type\":\"ImageObject\",\"inLanguage\":\"pt-BR\",\"@id\":\"http:\\\/\\\/www.sindipetroba.org.br\\\/2019\\\/fup-convoca-petroleiros-e-petroleiras-a-ocupar-as-redes-nesta-sexta-dia-nacional-de-mobilizacao-pelo-forabolsonaro\\\/#primaryimage\",\"url\":\"http:\\\/\\\/www.sindipetroba.org.br\\\/2019\\\/wp-content\\\/uploads\\\/2020\\\/07\\\/3a25b8c9ec0604823b9a6d162c74273e_L.jpg\",\"contentUrl\":\"http:\\\/\\\/www.sindipetroba.org.br\\\/2019\\\/wp-content\\\/uploads\\\/2020\\\/07\\\/3a25b8c9ec0604823b9a6d162c74273e_L.jpg\",\"width\":900,\"height\":591},{\"@type\":\"BreadcrumbList\",\"@id\":\"http:\\\/\\\/www.sindipetroba.org.br\\\/2019\\\/fup-convoca-petroleiros-e-petroleiras-a-ocupar-as-redes-nesta-sexta-dia-nacional-de-mobilizacao-pelo-forabolsonaro\\\/#breadcrumb\",\"itemListElement\":[{\"@type\":\"ListItem\",\"position\":1,\"name\":\"In\u00edcio\",\"item\":\"http:\\\/\\\/www.sindipetroba.org.br\\\/2019\\\/\"},{\"@type\":\"ListItem\",\"position\":2,\"name\":\"FUP convoca petroleiros e petroleiras a ocupar as redes nesta sexta, Dia Nacional de Mobiliza\u00e7\u00e3o pelo #ForaBolsonaro\"}]},{\"@type\":\"WebSite\",\"@id\":\"http:\\\/\\\/www.sindipetroba.org.br\\\/2019\\\/#website\",\"url\":\"http:\\\/\\\/www.sindipetroba.org.br\\\/2019\\\/\",\"name\":\"Sindipetro BA\",\"description\":\"Sindicato dos Petroleiros e Petroleiras do Estado da Bahia\",\"publisher\":{\"@id\":\"http:\\\/\\\/www.sindipetroba.org.br\\\/2019\\\/#organization\"},\"potentialAction\":[{\"@type\":\"SearchAction\",\"target\":{\"@type\":\"EntryPoint\",\"urlTemplate\":\"http:\\\/\\\/www.sindipetroba.org.br\\\/2019\\\/?s={search_term_string}\"},\"query-input\":{\"@type\":\"PropertyValueSpecification\",\"valueRequired\":true,\"valueName\":\"search_term_string\"}}],\"inLanguage\":\"pt-BR\"},{\"@type\":\"Organization\",\"@id\":\"http:\\\/\\\/www.sindipetroba.org.br\\\/2019\\\/#organization\",\"name\":\"Sindipetro BA\",\"url\":\"http:\\\/\\\/www.sindipetroba.org.br\\\/2019\\\/\",\"logo\":{\"@type\":\"ImageObject\",\"inLanguage\":\"pt-BR\",\"@id\":\"http:\\\/\\\/www.sindipetroba.org.br\\\/2019\\\/#\\\/schema\\\/logo\\\/image\\\/\",\"url\":\"http:\\\/\\\/www.sindipetroba.org.br\\\/2019\\\/wp-content\\\/uploads\\\/2019\\\/01\\\/sindipetro-marca-cor.png\",\"contentUrl\":\"http:\\\/\\\/www.sindipetroba.org.br\\\/2019\\\/wp-content\\\/uploads\\\/2019\\\/01\\\/sindipetro-marca-cor.png\",\"width\":350,\"height\":126,\"caption\":\"Sindipetro BA\"},\"image\":{\"@id\":\"http:\\\/\\\/www.sindipetroba.org.br\\\/2019\\\/#\\\/schema\\\/logo\\\/image\\\/\"},\"sameAs\":[\"https:\\\/\\\/www.facebook.com\\\/sindipetroBa\\\/\",\"https:\\\/\\\/x.com\\\/SindipetroBahia\",\"https:\\\/\\\/www.instagram.com\\\/sindipetroba\\\/\",\"https:\\\/\\\/www.youtube.com\\\/c\\\/SindipetroBahiaOficial\"]},{\"@type\":\"Person\",\"@id\":\"http:\\\/\\\/www.sindipetroba.org.br\\\/2019\\\/#\\\/schema\\\/person\\\/80e88dbf823328ddad08b17600055a3c\",\"name\":\"ASCOM\",\"image\":{\"@type\":\"ImageObject\",\"inLanguage\":\"pt-BR\",\"@id\":\"https:\\\/\\\/secure.gravatar.com\\\/avatar\\\/a2ab2fd873c57926b9f03e30be8804429fd7b0d41f4f71170e45b7b7f84998a6?s=96&d=mm&r=g\",\"url\":\"https:\\\/\\\/secure.gravatar.com\\\/avatar\\\/a2ab2fd873c57926b9f03e30be8804429fd7b0d41f4f71170e45b7b7f84998a6?s=96&d=mm&r=g\",\"contentUrl\":\"https:\\\/\\\/secure.gravatar.com\\\/avatar\\\/a2ab2fd873c57926b9f03e30be8804429fd7b0d41f4f71170e45b7b7f84998a6?s=96&d=mm&r=g\",\"caption\":\"ASCOM\"},\"sameAs\":[\"http:\\\/\\\/www.sindipetroba.org.br\"]}]}<\/script>\n<!-- \/ Yoast SEO plugin. -->","yoast_head_json":{"title":"FUP convoca petroleiros e petroleiras a ocupar as redes nesta sexta, Dia Nacional de Mobiliza\u00e7\u00e3o pelo #ForaBolsonaro - Sindipetro BA","robots":{"index":"index","follow":"follow","max-snippet":"max-snippet:-1","max-image-preview":"max-image-preview:large","max-video-preview":"max-video-preview:-1"},"canonical":"http:\/\/www.sindipetroba.org.br\/2019\/fup-convoca-petroleiros-e-petroleiras-a-ocupar-as-redes-nesta-sexta-dia-nacional-de-mobilizacao-pelo-forabolsonaro\/","og_locale":"pt_BR","og_type":"article","og_title":"FUP convoca petroleiros e petroleiras a ocupar as redes nesta sexta, Dia Nacional de Mobiliza\u00e7\u00e3o pelo #ForaBolsonaro - Sindipetro BA","og_description":"Nesta sexta-feira (10), os petroleiros se somar\u00e3o ao Dia Nacional de Mobiliza\u00e7\u00e3o pelo #ForaBolsonaro, convocado pelas centrais sindicais e movimentos sociais que integram as Frentes Brasil Popular e Povo Sem Medo. O objetivo \u00e9 ocupar as redes sociais e dar visibilidade \u00e0s mobiliza\u00e7\u00f5es que ser\u00e3o realizadas. A orienta\u00e7\u00e3o da FUP \u00e9 que os sindicatos participem... Ver artigo","og_url":"http:\/\/www.sindipetroba.org.br\/2019\/fup-convoca-petroleiros-e-petroleiras-a-ocupar-as-redes-nesta-sexta-dia-nacional-de-mobilizacao-pelo-forabolsonaro\/","og_site_name":"Sindipetro BA","article_publisher":"https:\/\/www.facebook.com\/sindipetroBa\/","article_published_time":"2020-07-08T20:13:04+00:00","article_modified_time":"2020-07-08T20:14:53+00:00","og_image":[{"width":900,"height":591,"url":"http:\/\/www.sindipetroba.org.br\/2019\/wp-content\/uploads\/2020\/07\/3a25b8c9ec0604823b9a6d162c74273e_L.jpg","type":"image\/jpeg"}],"author":"ASCOM","twitter_card":"summary_large_image","twitter_creator":"@SindipetroBahia","twitter_site":"@SindipetroBahia","twitter_misc":{"Escrito por":"ASCOM","Est. tempo de leitura":"2 minutos"},"schema":{"@context":"https:\/\/schema.org","@graph":[{"@type":"Article","@id":"http:\/\/www.sindipetroba.org.br\/2019\/fup-convoca-petroleiros-e-petroleiras-a-ocupar-as-redes-nesta-sexta-dia-nacional-de-mobilizacao-pelo-forabolsonaro\/#article","isPartOf":{"@id":"http:\/\/www.sindipetroba.org.br\/2019\/fup-convoca-petroleiros-e-petroleiras-a-ocupar-as-redes-nesta-sexta-dia-nacional-de-mobilizacao-pelo-forabolsonaro\/"},"author":{"name":"ASCOM","@id":"http:\/\/www.sindipetroba.org.br\/2019\/#\/schema\/person\/80e88dbf823328ddad08b17600055a3c"},"headline":"FUP convoca petroleiros e petroleiras a ocupar as redes nesta sexta, Dia Nacional de Mobiliza\u00e7\u00e3o pelo #ForaBolsonaro","datePublished":"2020-07-08T20:13:04+00:00","dateModified":"2020-07-08T20:14:53+00:00","mainEntityOfPage":{"@id":"http:\/\/www.sindipetroba.org.br\/2019\/fup-convoca-petroleiros-e-petroleiras-a-ocupar-as-redes-nesta-sexta-dia-nacional-de-mobilizacao-pelo-forabolsonaro\/"},"wordCount":492,"publisher":{"@id":"http:\/\/www.sindipetroba.org.br\/2019\/#organization"},"image":{"@id":"http:\/\/www.sindipetroba.org.br\/2019\/fup-convoca-petroleiros-e-petroleiras-a-ocupar-as-redes-nesta-sexta-dia-nacional-de-mobilizacao-pelo-forabolsonaro\/#primaryimage"},"thumbnailUrl":"http:\/\/www.sindipetroba.org.br\/2019\/wp-content\/uploads\/2020\/07\/3a25b8c9ec0604823b9a6d162c74273e_L.jpg","keywords":["adesiva\u00e7os","assembleias e atos","Dia Nacional Dia Nacional de Mobiliza\u00e7\u00e3o","divulga\u00e7\u00e3o de cartazes","faixas","Fora Bolsonaro","instala\u00e7\u00f5es p\u00fablicas","outdoors"],"articleSection":["Not\u00edcia"],"inLanguage":"pt-BR"},{"@type":"WebPage","@id":"http:\/\/www.sindipetroba.org.br\/2019\/fup-convoca-petroleiros-e-petroleiras-a-ocupar-as-redes-nesta-sexta-dia-nacional-de-mobilizacao-pelo-forabolsonaro\/","url":"http:\/\/www.sindipetroba.org.br\/2019\/fup-convoca-petroleiros-e-petroleiras-a-ocupar-as-redes-nesta-sexta-dia-nacional-de-mobilizacao-pelo-forabolsonaro\/","name":"FUP convoca petroleiros e petroleiras a ocupar as redes nesta sexta, Dia Nacional de Mobiliza\u00e7\u00e3o pelo #ForaBolsonaro - Sindipetro BA","isPartOf":{"@id":"http:\/\/www.sindipetroba.org.br\/2019\/#website"},"primaryImageOfPage":{"@id":"http:\/\/www.sindipetroba.org.br\/2019\/fup-convoca-petroleiros-e-petroleiras-a-ocupar-as-redes-nesta-sexta-dia-nacional-de-mobilizacao-pelo-forabolsonaro\/#primaryimage"},"image":{"@id":"http:\/\/www.sindipetroba.org.br\/2019\/fup-convoca-petroleiros-e-petroleiras-a-ocupar-as-redes-nesta-sexta-dia-nacional-de-mobilizacao-pelo-forabolsonaro\/#primaryimage"},"thumbnailUrl":"http:\/\/www.sindipetroba.org.br\/2019\/wp-content\/uploads\/2020\/07\/3a25b8c9ec0604823b9a6d162c74273e_L.jpg","datePublished":"2020-07-08T20:13:04+00:00","dateModified":"2020-07-08T20:14:53+00:00","breadcrumb":{"@id":"http:\/\/www.sindipetroba.org.br\/2019\/fup-convoca-petroleiros-e-petroleiras-a-ocupar-as-redes-nesta-sexta-dia-nacional-de-mobilizacao-pelo-forabolsonaro\/#breadcrumb"},"inLanguage":"pt-BR","potentialAction":[{"@type":"ReadAction","target":["http:\/\/www.sindipetroba.org.br\/2019\/fup-convoca-petroleiros-e-petroleiras-a-ocupar-as-redes-nesta-sexta-dia-nacional-de-mobilizacao-pelo-forabolsonaro\/"]}]},{"@type":"ImageObject","inLanguage":"pt-BR","@id":"http:\/\/www.sindipetroba.org.br\/2019\/fup-convoca-petroleiros-e-petroleiras-a-ocupar-as-redes-nesta-sexta-dia-nacional-de-mobilizacao-pelo-forabolsonaro\/#primaryimage","url":"http:\/\/www.sindipetroba.org.br\/2019\/wp-content\/uploads\/2020\/07\/3a25b8c9ec0604823b9a6d162c74273e_L.jpg","contentUrl":"http:\/\/www.sindipetroba.org.br\/2019\/wp-content\/uploads\/2020\/07\/3a25b8c9ec0604823b9a6d162c74273e_L.jpg","width":900,"height":591},{"@type":"BreadcrumbList","@id":"http:\/\/www.sindipetroba.org.br\/2019\/fup-convoca-petroleiros-e-petroleiras-a-ocupar-as-redes-nesta-sexta-dia-nacional-de-mobilizacao-pelo-forabolsonaro\/#breadcrumb","itemListElement":[{"@type":"ListItem","position":1,"name":"In\u00edcio","item":"http:\/\/www.sindipetroba.org.br\/2019\/"},{"@type":"ListItem","position":2,"name":"FUP convoca petroleiros e petroleiras a ocupar as redes nesta sexta, Dia Nacional de Mobiliza\u00e7\u00e3o pelo #ForaBolsonaro"}]},{"@type":"WebSite","@id":"http:\/\/www.sindipetroba.org.br\/2019\/#website","url":"http:\/\/www.sindipetroba.org.br\/2019\/","name":"Sindipetro BA","description":"Sindicato dos Petroleiros e Petroleiras do Estado da Bahia","publisher":{"@id":"http:\/\/www.sindipetroba.org.br\/2019\/#organization"},"potentialAction":[{"@type":"SearchAction","target":{"@type":"EntryPoint","urlTemplate":"http:\/\/www.sindipetroba.org.br\/2019\/?s={search_term_string}"},"query-input":{"@type":"PropertyValueSpecification","valueRequired":true,"valueName":"search_term_string"}}],"inLanguage":"pt-BR"},{"@type":"Organization","@id":"http:\/\/www.sindipetroba.org.br\/2019\/#organization","name":"Sindipetro BA","url":"http:\/\/www.sindipetroba.org.br\/2019\/","logo":{"@type":"ImageObject","inLanguage":"pt-BR","@id":"http:\/\/www.sindipetroba.org.br\/2019\/#\/schema\/logo\/image\/","url":"http:\/\/www.sindipetroba.org.br\/2019\/wp-content\/uploads\/2019\/01\/sindipetro-marca-cor.png","contentUrl":"http:\/\/www.sindipetroba.org.br\/2019\/wp-content\/uploads\/2019\/01\/sindipetro-marca-cor.png","width":350,"height":126,"caption":"Sindipetro BA"},"image":{"@id":"http:\/\/www.sindipetroba.org.br\/2019\/#\/schema\/logo\/image\/"},"sameAs":["https:\/\/www.facebook.com\/sindipetroBa\/","https:\/\/x.com\/SindipetroBahia","https:\/\/www.instagram.com\/sindipetroba\/","https:\/\/www.youtube.com\/c\/SindipetroBahiaOficial"]},{"@type":"Person","@id":"http:\/\/www.sindipetroba.org.br\/2019\/#\/schema\/person\/80e88dbf823328ddad08b17600055a3c","name":"ASCOM","image":{"@type":"ImageObject","inLanguage":"pt-BR","@id":"https:\/\/secure.gravatar.com\/avatar\/a2ab2fd873c57926b9f03e30be8804429fd7b0d41f4f71170e45b7b7f84998a6?s=96&d=mm&r=g","url":"https:\/\/secure.gravatar.com\/avatar\/a2ab2fd873c57926b9f03e30be8804429fd7b0d41f4f71170e45b7b7f84998a6?s=96&d=mm&r=g","contentUrl":"https:\/\/secure.gravatar.com\/avatar\/a2ab2fd873c57926b9f03e30be8804429fd7b0d41f4f71170e45b7b7f84998a6?s=96&d=mm&r=g","caption":"ASCOM"},"sameAs":["http:\/\/www.sindipetroba.org.br"]}]}},"_links":{"self":[{"href":"http:\/\/www.sindipetroba.org.br\/2019\/wp-json\/wp\/v2\/posts\/8594","targetHints":{"allow":["GET"]}}],"collection":[{"href":"http:\/\/www.sindipetroba.org.br\/2019\/wp-json\/wp\/v2\/posts"}],"about":[{"href":"http:\/\/www.sindipetroba.org.br\/2019\/wp-json\/wp\/v2\/types\/post"}],"author":[{"embeddable":true,"href":"http:\/\/www.sindipetroba.org.br\/2019\/wp-json\/wp\/v2\/users\/4"}],"replies":[{"embeddable":true,"href":"http:\/\/www.sindipetroba.org.br\/2019\/wp-json\/wp\/v2\/comments?post=8594"}],"version-history":[{"count":3,"href":"http:\/\/www.sindipetroba.org.br\/2019\/wp-json\/wp\/v2\/posts\/8594\/revisions"}],"predecessor-version":[{"id":8598,"href":"http:\/\/www.sindipetroba.org.br\/2019\/wp-json\/wp\/v2\/posts\/8594\/revisions\/8598"}],"wp:featuredmedia":[{"embeddable":true,"href":"http:\/\/www.sindipetroba.org.br\/2019\/wp-json\/wp\/v2\/media\/8595"}],"wp:attachment":[{"href":"http:\/\/www.sindipetroba.org.br\/2019\/wp-json\/wp\/v2\/media?parent=8594"}],"wp:term":[{"taxonomy":"category","embeddable":true,"href":"http:\/\/www.sindipetroba.org.br\/2019\/wp-json\/wp\/v2\/categories?post=8594"},{"taxonomy":"post_tag","embeddable":true,"href":"http:\/\/www.sindipetroba.org.br\/2019\/wp-json\/wp\/v2\/tags?post=8594"}],"curies":[{"name":"wp","href":"https:\/\/api.w.org\/{rel}","templated":true}]}}