{"id":9984,"date":"2020-10-08T15:40:11","date_gmt":"2020-10-08T18:40:11","guid":{"rendered":"http:\/\/www.sindipetroba.org.br\/2019\/?p=9984"},"modified":"2020-10-08T15:40:11","modified_gmt":"2020-10-08T18:40:11","slug":"bolsonaro-quer-mexer-no-abono-auxilio-doenca-bpc-e-ir-para-pagar-renda-cidada","status":"publish","type":"post","link":"http:\/\/www.sindipetroba.org.br\/2019\/bolsonaro-quer-mexer-no-abono-auxilio-doenca-bpc-e-ir-para-pagar-renda-cidada\/","title":{"rendered":"Bolsonaro quer mexer no abono, aux\u00edlio-doen\u00e7a, BPC e IR para pagar Renda Cidad\u00e3"},"content":{"rendered":"<p>De olho na reelei\u00e7\u00e3o em 2022, Jair Bolsonaro (ex-PSL) e sua equipe econ\u00f4mica atiram para todos os lados para obterem recursos para pagar o Renda Cidad\u00e3, programa que dever\u00e1 substituir o Bolsa Fam\u00edlia, criado por Lula.<\/p>\n<p>As medidas at\u00e9 agora vazadas para a imprensa s\u00f3 afetam o bolso do trabalhador e da trabalhadora pobres, desmentindo o pr\u00f3prio presidente que disse que \u201cn\u00e3o tiraria dos pobres para dar aos paup\u00e9rrimos\u201d.<\/p>\n<p>Ainda sem uma proposta definitiva de como viabilizar economicamente o Renda Cidad\u00e3, o governo continua estudando possiblidades. Nenhuma delas mexe na renda dos mais ricos, na\u00a0<a href=\"https:\/\/www.cut.org.br\/noticias\/taxar-fortunas-e-tributacao-justa-sao-caminhos-para-resolver-crise-e-desigualdad-3191\"><strong>taxa\u00e7\u00e3o de grandes fortunas<\/strong><\/a>\u00a0e numa\u00a0<a href=\"https:\/\/www.cut.org.br\/noticias\/economistas-propoem-reforma-tributaria-com-isencoes-a-pobres-e-pequenas-empresas-9eb4\"><strong>reforma tribut\u00e1ria\u00a0<\/strong><\/a>mais justa, fazendo quem ganha mais pagar mais, como defende a CUT.<\/p>\n<p>O governo anunciou, entre outras medidas, que reduziria a faixa salarial do abono salarial, pago todos os anos a trabalhadores que ganham at\u00e9 dois sal\u00e1rios m\u00ednimos (R$ 2.090,00). A proposta \u00e9 conceder o benef\u00edcio somente para quem ganha at\u00e9 R$ 1.463,00.<\/p>\n<p>H\u00e1 ainda a possiblidade de aumentar o tempo m\u00ednimo de registro em carteira que o trabalhador precisa ter para receber o abono. Pela regra atual, o trabalhador tem direito a um valor proporcional a partir de um m\u00eas trabalhado, aumentando a proporcionalidade conforme o n\u00famero de meses.<\/p>\n<p>O governo quer elevar essa car\u00eancia a um per\u00edodo m\u00ednimo de seis meses, o que significa deixar de destinar cerca R$ 12 bilh\u00f5es de reais ao abono salarial.<\/p>\n<p>Outra medida anunciada \u00e9 a inten\u00e7\u00e3o de acabar com o\u00a0<a href=\"https:\/\/www.cut.org.br\/noticias\/governo-estuda-extinguir-desconto-do-imposto-de-renda-para-financiar-renda-basic-e8fa\"><strong>desconto de 20% na declara\u00e7\u00e3o simplificada do Imposto de Renda Pessoa F\u00edsica (IRPF)<\/strong><\/a>, que atingiria cerca de 17 milh\u00f5es de contribuintes, ao mesmo tempo em que o governo mant\u00e9m outras dedu\u00e7\u00f5es como em sa\u00fade e educa\u00e7\u00e3o.<\/p>\n<p>De acordo com Adriana Marcolino, t\u00e9cnica da subsec\u00e7\u00e3o do Dieese na CUT, esse desconto, na declara\u00e7\u00e3o simplificada, beneficia quem tem menor renda. \u201cJ\u00e1 os outros descontos s\u00e3o para quem paga plano de sa\u00fade, escola particular e, geralmente, esses contribuintes s\u00e3o aqueles que t\u00eam rendimento maior\u201d, diz Adriana.<\/p>\n<p>O jornal O Estado de S\u00e3o Paulo publicou que al\u00e9m de mexer no abono salarial do trabalhador, o governo estuda limitar o Benef\u00edcio de Presta\u00e7\u00e3o Continuada (BPC) a idosos cuja renda familiar \u00e9 de at\u00e9 R$ 280,00 por pessoa e sobre proibir acumulo de benef\u00edcios para quem recebe o Bolsa Fam\u00edlia. Com essas duas medidas, a \u2018economia\u2019 seria de aproximadamente R$ 8,2 bilh\u00f5es.<\/p>\n<p>Ainda de acordo com o jornal, o governo Bolsonaro quer transferir a responsabilidade pelo pagamento do aux\u00edlio-doen\u00e7a ao empregador, que por sua vez abateria o valor da contribui\u00e7\u00e3o paga ao Instituto Nacional do Seguro Social (INSS).\u00a0 Hoje o pagamento \u00e9 feito pelo \u00f3rg\u00e3o quando o per\u00edodo de afastamento \u00e9 superior a 15 dias.<\/p>\n<p>Outras sugest\u00f5es s\u00e3o a redu\u00e7\u00e3o de \u201cpenduricalhos\u201d e a regulamenta\u00e7\u00e3o do teto remunerat\u00f3rio para servidores (com economia de R$ 2,2 bilh\u00f5es), liberar recursos do FGTS em parcelas antes de o trabalhador demitido acessar o seguro-desemprego (impacto de R$ 3,1 bilh\u00f5es) e revis\u00e3o no seguro-defeso (economia de R$ 1,5 bilh\u00e3o).<\/p>\n<p><strong>Pega mal<\/strong><\/p>\n<p>Em agosto, Bolsonaro havia proibido sua equipe de falar sobre programas de distribui\u00e7\u00e3o de renda por n\u00e3o haver uma ainda proposta concreta, elaborada e consolidada para um programa que substitu\u00edsse o Bolsa Fam\u00edlia. \u00c0 \u00e9poca, as \u2018poss\u00edveis medidas\u2019 anunciadas pela equipe econ\u00f4mica\u00a0<a href=\"https:\/\/www.cut.org.br\/noticias\/bolsonaro-recua-e-proibe-subordinados-de-falar-sobre-renda-brasil-bf7d\">causaram repercuss\u00e3o negativa e fizeram o governo recuar<\/a>.<\/p>\n<p>Entre elas, a redu\u00e7\u00e3o em programas sociais como o seguro-desemprego, o Benef\u00edcio de Presta\u00e7\u00e3o Continuada (BPC) e at\u00e9 o congelamento de aposentadorias por dois anos, para turbinar o novo programa.<\/p>\n<p>Ainda hoje, medidas em estudo para financiamento, divulgadas pela equipe periodicamente, n\u00e3o t\u00eam di\u00e1logo com a sociedade e continuam mirando nos trabalhadores de menor renda. \u201cDa classe m\u00e9dia baixa, inclusive\u201d, aponta Adriana Marcolino.<\/p>\n<p>Ela afirma que um programa de distribui\u00e7\u00e3o de renda, como Renda Cidad\u00e3, deveria ser \u201clevado com mais seriedade\u201d.<\/p>\n<p>\u201cUm governante e sua equipe ficarem durante tantos meses fazendo bal\u00f5es de ensaio \u00e9 muito negativo. Toda semana sai uma mat\u00e9ria diferente sobre uma nova possiblidade de financiamento do programa\u201d, diz Adriana, se referindo \u00e0 falta de uma proposta concreta.<\/p>\n<p>Para ela, o programa assim tem que ter car\u00e1ter de redistribui\u00e7\u00e3o de renda. \u201cDe quem tem mais para quem tem menos\u201d, ela diz e aponta uma reforma tribut\u00e1ria justa, com taxa\u00e7\u00e3o de grandes fortunas e atualiza\u00e7\u00e3o tabelas de Imposto de Renda(IR).<\/p>\n<p>\u201cO IR tem muitas distor\u00e7\u00f5es e a principal \u00e9 a defasagem na atualiza\u00e7\u00e3o. O resultado \u00e9 que um grupo de pessoas que deveria estar na faixa de isen\u00e7\u00e3o, hoje paga o imposto\u201d, explica.<\/p>\n<p>Ainda sobre a inten\u00e7\u00e3o de acabar com os descontos da declara\u00e7\u00e3o simplificada para bancar o Renda Cidad\u00e3, Adriana diz que, como caminho, \u201ca tributa\u00e7\u00e3o deveria ser sobre os s<em>uper ricos\u00a0<\/em>e n\u00e3o sobre a classe m\u00e9dia baixa que j\u00e1 est\u00e1 estrangulada por causa da crise econ\u00f4mica e dos or\u00e7amentos familiares que foram ainda mais prejudicados por causa da pandemia do novo coronav\u00edrus (Covid-19)\u201d.<\/p>\n<p><em><strong>Fonte: CUT<\/strong><\/em><\/p>\n","protected":false},"excerpt":{"rendered":"De olho na reelei\u00e7\u00e3o em 2022, Jair Bolsonaro (ex-PSL) e sua equipe econ\u00f4mica atiram para todos os lados para obterem recursos para pagar o Renda Cidad\u00e3, programa que dever\u00e1 substituir o Bolsa Fam\u00edlia, criado por Lula. As medidas at\u00e9 agora vazadas para a imprensa s\u00f3 afetam o bolso do trabalhador e da trabalhadora pobres, desmentindo&#8230; <a class=\"view-article\" href=\"http:\/\/www.sindipetroba.org.br\/2019\/bolsonaro-quer-mexer-no-abono-auxilio-doenca-bpc-e-ir-para-pagar-renda-cidada\/\">Ver artigo<\/a>","protected":false},"author":1,"featured_media":9985,"comment_status":"closed","ping_status":"open","sticky":false,"template":"","format":"standard","meta":{"_et_pb_use_builder":"","_et_pb_old_content":"","_et_gb_content_width":"","footnotes":""},"categories":[1],"tags":[1300,320,1298,1299],"class_list":["post-9984","post","type-post","status-publish","format-standard","has-post-thumbnail","hentry","category-noticia","tag-auxilio-doenca","tag-bolsonaro","tag-bpc","tag-renda-cidada"],"yoast_head":"<!-- This site is optimized with the Yoast SEO plugin v27.3 - https:\/\/yoast.com\/product\/yoast-seo-wordpress\/ -->\n<title>Bolsonaro quer mexer no abono, aux\u00edlio-doen\u00e7a, BPC e IR para pagar Renda Cidad\u00e3 - Sindipetro BA<\/title>\n<meta name=\"robots\" content=\"index, follow, max-snippet:-1, max-image-preview:large, max-video-preview:-1\" \/>\n<link rel=\"canonical\" href=\"http:\/\/www.sindipetroba.org.br\/2019\/bolsonaro-quer-mexer-no-abono-auxilio-doenca-bpc-e-ir-para-pagar-renda-cidada\/\" \/>\n<meta property=\"og:locale\" content=\"pt_BR\" \/>\n<meta property=\"og:type\" content=\"article\" \/>\n<meta property=\"og:title\" content=\"Bolsonaro quer mexer no abono, aux\u00edlio-doen\u00e7a, BPC e IR para pagar Renda Cidad\u00e3 - Sindipetro BA\" \/>\n<meta property=\"og:description\" content=\"De olho na reelei\u00e7\u00e3o em 2022, Jair Bolsonaro (ex-PSL) e sua equipe econ\u00f4mica atiram para todos os lados para obterem recursos para pagar o Renda Cidad\u00e3, programa que dever\u00e1 substituir o Bolsa Fam\u00edlia, criado por Lula. As medidas at\u00e9 agora vazadas para a imprensa s\u00f3 afetam o bolso do trabalhador e da trabalhadora pobres, desmentindo... Ver artigo\" \/>\n<meta property=\"og:url\" content=\"http:\/\/www.sindipetroba.org.br\/2019\/bolsonaro-quer-mexer-no-abono-auxilio-doenca-bpc-e-ir-para-pagar-renda-cidada\/\" \/>\n<meta property=\"og:site_name\" content=\"Sindipetro BA\" \/>\n<meta property=\"article:publisher\" content=\"https:\/\/www.facebook.com\/sindipetroBa\/\" \/>\n<meta property=\"article:published_time\" content=\"2020-10-08T18:40:11+00:00\" \/>\n<meta property=\"og:image\" content=\"http:\/\/www.sindipetroba.org.br\/2019\/wp-content\/uploads\/2020\/10\/systemuploadsnews0941d2e2ac2991baa80-700x460xfit-4a92e.jpg\" \/>\n\t<meta property=\"og:image:width\" content=\"700\" \/>\n\t<meta property=\"og:image:height\" content=\"460\" \/>\n\t<meta property=\"og:image:type\" content=\"image\/jpeg\" \/>\n<meta name=\"author\" content=\"admsp\" \/>\n<meta name=\"twitter:card\" content=\"summary_large_image\" \/>\n<meta name=\"twitter:creator\" content=\"@SindipetroBahia\" \/>\n<meta name=\"twitter:site\" content=\"@SindipetroBahia\" \/>\n<meta name=\"twitter:label1\" content=\"Escrito por\" \/>\n\t<meta name=\"twitter:data1\" content=\"admsp\" \/>\n\t<meta name=\"twitter:label2\" content=\"Est. tempo de leitura\" \/>\n\t<meta name=\"twitter:data2\" content=\"4 minutos\" \/>\n<script type=\"application\/ld+json\" class=\"yoast-schema-graph\">{\"@context\":\"https:\\\/\\\/schema.org\",\"@graph\":[{\"@type\":\"Article\",\"@id\":\"http:\\\/\\\/www.sindipetroba.org.br\\\/2019\\\/bolsonaro-quer-mexer-no-abono-auxilio-doenca-bpc-e-ir-para-pagar-renda-cidada\\\/#article\",\"isPartOf\":{\"@id\":\"http:\\\/\\\/www.sindipetroba.org.br\\\/2019\\\/bolsonaro-quer-mexer-no-abono-auxilio-doenca-bpc-e-ir-para-pagar-renda-cidada\\\/\"},\"author\":{\"name\":\"admsp\",\"@id\":\"http:\\\/\\\/www.sindipetroba.org.br\\\/2019\\\/#\\\/schema\\\/person\\\/e61228ef9f981537d4c4eb80f6ea7713\"},\"headline\":\"Bolsonaro quer mexer no abono, aux\u00edlio-doen\u00e7a, BPC e IR para pagar Renda Cidad\u00e3\",\"datePublished\":\"2020-10-08T18:40:11+00:00\",\"mainEntityOfPage\":{\"@id\":\"http:\\\/\\\/www.sindipetroba.org.br\\\/2019\\\/bolsonaro-quer-mexer-no-abono-auxilio-doenca-bpc-e-ir-para-pagar-renda-cidada\\\/\"},\"wordCount\":882,\"publisher\":{\"@id\":\"http:\\\/\\\/www.sindipetroba.org.br\\\/2019\\\/#organization\"},\"image\":{\"@id\":\"http:\\\/\\\/www.sindipetroba.org.br\\\/2019\\\/bolsonaro-quer-mexer-no-abono-auxilio-doenca-bpc-e-ir-para-pagar-renda-cidada\\\/#primaryimage\"},\"thumbnailUrl\":\"http:\\\/\\\/www.sindipetroba.org.br\\\/2019\\\/wp-content\\\/uploads\\\/2020\\\/10\\\/systemuploadsnews0941d2e2ac2991baa80-700x460xfit-4a92e.jpg\",\"keywords\":[\"Aux\u00edlio-doen\u00e7a\",\"Bolsonaro\",\"BPC\",\"Renda Cidad\u00e3\"],\"articleSection\":[\"Not\u00edcia\"],\"inLanguage\":\"pt-BR\"},{\"@type\":\"WebPage\",\"@id\":\"http:\\\/\\\/www.sindipetroba.org.br\\\/2019\\\/bolsonaro-quer-mexer-no-abono-auxilio-doenca-bpc-e-ir-para-pagar-renda-cidada\\\/\",\"url\":\"http:\\\/\\\/www.sindipetroba.org.br\\\/2019\\\/bolsonaro-quer-mexer-no-abono-auxilio-doenca-bpc-e-ir-para-pagar-renda-cidada\\\/\",\"name\":\"Bolsonaro quer mexer no abono, aux\u00edlio-doen\u00e7a, BPC e IR para pagar Renda Cidad\u00e3 - Sindipetro BA\",\"isPartOf\":{\"@id\":\"http:\\\/\\\/www.sindipetroba.org.br\\\/2019\\\/#website\"},\"primaryImageOfPage\":{\"@id\":\"http:\\\/\\\/www.sindipetroba.org.br\\\/2019\\\/bolsonaro-quer-mexer-no-abono-auxilio-doenca-bpc-e-ir-para-pagar-renda-cidada\\\/#primaryimage\"},\"image\":{\"@id\":\"http:\\\/\\\/www.sindipetroba.org.br\\\/2019\\\/bolsonaro-quer-mexer-no-abono-auxilio-doenca-bpc-e-ir-para-pagar-renda-cidada\\\/#primaryimage\"},\"thumbnailUrl\":\"http:\\\/\\\/www.sindipetroba.org.br\\\/2019\\\/wp-content\\\/uploads\\\/2020\\\/10\\\/systemuploadsnews0941d2e2ac2991baa80-700x460xfit-4a92e.jpg\",\"datePublished\":\"2020-10-08T18:40:11+00:00\",\"breadcrumb\":{\"@id\":\"http:\\\/\\\/www.sindipetroba.org.br\\\/2019\\\/bolsonaro-quer-mexer-no-abono-auxilio-doenca-bpc-e-ir-para-pagar-renda-cidada\\\/#breadcrumb\"},\"inLanguage\":\"pt-BR\",\"potentialAction\":[{\"@type\":\"ReadAction\",\"target\":[\"http:\\\/\\\/www.sindipetroba.org.br\\\/2019\\\/bolsonaro-quer-mexer-no-abono-auxilio-doenca-bpc-e-ir-para-pagar-renda-cidada\\\/\"]}]},{\"@type\":\"ImageObject\",\"inLanguage\":\"pt-BR\",\"@id\":\"http:\\\/\\\/www.sindipetroba.org.br\\\/2019\\\/bolsonaro-quer-mexer-no-abono-auxilio-doenca-bpc-e-ir-para-pagar-renda-cidada\\\/#primaryimage\",\"url\":\"http:\\\/\\\/www.sindipetroba.org.br\\\/2019\\\/wp-content\\\/uploads\\\/2020\\\/10\\\/systemuploadsnews0941d2e2ac2991baa80-700x460xfit-4a92e.jpg\",\"contentUrl\":\"http:\\\/\\\/www.sindipetroba.org.br\\\/2019\\\/wp-content\\\/uploads\\\/2020\\\/10\\\/systemuploadsnews0941d2e2ac2991baa80-700x460xfit-4a92e.jpg\",\"width\":700,\"height\":460},{\"@type\":\"BreadcrumbList\",\"@id\":\"http:\\\/\\\/www.sindipetroba.org.br\\\/2019\\\/bolsonaro-quer-mexer-no-abono-auxilio-doenca-bpc-e-ir-para-pagar-renda-cidada\\\/#breadcrumb\",\"itemListElement\":[{\"@type\":\"ListItem\",\"position\":1,\"name\":\"In\u00edcio\",\"item\":\"http:\\\/\\\/www.sindipetroba.org.br\\\/2019\\\/\"},{\"@type\":\"ListItem\",\"position\":2,\"name\":\"Bolsonaro quer mexer no abono, aux\u00edlio-doen\u00e7a, BPC e IR para pagar Renda Cidad\u00e3\"}]},{\"@type\":\"WebSite\",\"@id\":\"http:\\\/\\\/www.sindipetroba.org.br\\\/2019\\\/#website\",\"url\":\"http:\\\/\\\/www.sindipetroba.org.br\\\/2019\\\/\",\"name\":\"Sindipetro BA\",\"description\":\"Sindicato dos Petroleiros e Petroleiras do Estado da Bahia\",\"publisher\":{\"@id\":\"http:\\\/\\\/www.sindipetroba.org.br\\\/2019\\\/#organization\"},\"potentialAction\":[{\"@type\":\"SearchAction\",\"target\":{\"@type\":\"EntryPoint\",\"urlTemplate\":\"http:\\\/\\\/www.sindipetroba.org.br\\\/2019\\\/?s={search_term_string}\"},\"query-input\":{\"@type\":\"PropertyValueSpecification\",\"valueRequired\":true,\"valueName\":\"search_term_string\"}}],\"inLanguage\":\"pt-BR\"},{\"@type\":\"Organization\",\"@id\":\"http:\\\/\\\/www.sindipetroba.org.br\\\/2019\\\/#organization\",\"name\":\"Sindipetro BA\",\"url\":\"http:\\\/\\\/www.sindipetroba.org.br\\\/2019\\\/\",\"logo\":{\"@type\":\"ImageObject\",\"inLanguage\":\"pt-BR\",\"@id\":\"http:\\\/\\\/www.sindipetroba.org.br\\\/2019\\\/#\\\/schema\\\/logo\\\/image\\\/\",\"url\":\"http:\\\/\\\/www.sindipetroba.org.br\\\/2019\\\/wp-content\\\/uploads\\\/2019\\\/01\\\/sindipetro-marca-cor.png\",\"contentUrl\":\"http:\\\/\\\/www.sindipetroba.org.br\\\/2019\\\/wp-content\\\/uploads\\\/2019\\\/01\\\/sindipetro-marca-cor.png\",\"width\":350,\"height\":126,\"caption\":\"Sindipetro BA\"},\"image\":{\"@id\":\"http:\\\/\\\/www.sindipetroba.org.br\\\/2019\\\/#\\\/schema\\\/logo\\\/image\\\/\"},\"sameAs\":[\"https:\\\/\\\/www.facebook.com\\\/sindipetroBa\\\/\",\"https:\\\/\\\/x.com\\\/SindipetroBahia\",\"https:\\\/\\\/www.instagram.com\\\/sindipetroba\\\/\",\"https:\\\/\\\/www.youtube.com\\\/c\\\/SindipetroBahiaOficial\"]},{\"@type\":\"Person\",\"@id\":\"http:\\\/\\\/www.sindipetroba.org.br\\\/2019\\\/#\\\/schema\\\/person\\\/e61228ef9f981537d4c4eb80f6ea7713\",\"name\":\"admsp\",\"image\":{\"@type\":\"ImageObject\",\"inLanguage\":\"pt-BR\",\"@id\":\"https:\\\/\\\/secure.gravatar.com\\\/avatar\\\/50f06e2b746fe9248099d2c61c12342ab36327e9d413e3171dd7033b84800d96?s=96&d=mm&r=g\",\"url\":\"https:\\\/\\\/secure.gravatar.com\\\/avatar\\\/50f06e2b746fe9248099d2c61c12342ab36327e9d413e3171dd7033b84800d96?s=96&d=mm&r=g\",\"contentUrl\":\"https:\\\/\\\/secure.gravatar.com\\\/avatar\\\/50f06e2b746fe9248099d2c61c12342ab36327e9d413e3171dd7033b84800d96?s=96&d=mm&r=g\",\"caption\":\"admsp\"}}]}<\/script>\n<!-- \/ Yoast SEO plugin. -->","yoast_head_json":{"title":"Bolsonaro quer mexer no abono, aux\u00edlio-doen\u00e7a, BPC e IR para pagar Renda Cidad\u00e3 - Sindipetro BA","robots":{"index":"index","follow":"follow","max-snippet":"max-snippet:-1","max-image-preview":"max-image-preview:large","max-video-preview":"max-video-preview:-1"},"canonical":"http:\/\/www.sindipetroba.org.br\/2019\/bolsonaro-quer-mexer-no-abono-auxilio-doenca-bpc-e-ir-para-pagar-renda-cidada\/","og_locale":"pt_BR","og_type":"article","og_title":"Bolsonaro quer mexer no abono, aux\u00edlio-doen\u00e7a, BPC e IR para pagar Renda Cidad\u00e3 - Sindipetro BA","og_description":"De olho na reelei\u00e7\u00e3o em 2022, Jair Bolsonaro (ex-PSL) e sua equipe econ\u00f4mica atiram para todos os lados para obterem recursos para pagar o Renda Cidad\u00e3, programa que dever\u00e1 substituir o Bolsa Fam\u00edlia, criado por Lula. As medidas at\u00e9 agora vazadas para a imprensa s\u00f3 afetam o bolso do trabalhador e da trabalhadora pobres, desmentindo... Ver artigo","og_url":"http:\/\/www.sindipetroba.org.br\/2019\/bolsonaro-quer-mexer-no-abono-auxilio-doenca-bpc-e-ir-para-pagar-renda-cidada\/","og_site_name":"Sindipetro BA","article_publisher":"https:\/\/www.facebook.com\/sindipetroBa\/","article_published_time":"2020-10-08T18:40:11+00:00","og_image":[{"width":700,"height":460,"url":"http:\/\/www.sindipetroba.org.br\/2019\/wp-content\/uploads\/2020\/10\/systemuploadsnews0941d2e2ac2991baa80-700x460xfit-4a92e.jpg","type":"image\/jpeg"}],"author":"admsp","twitter_card":"summary_large_image","twitter_creator":"@SindipetroBahia","twitter_site":"@SindipetroBahia","twitter_misc":{"Escrito por":"admsp","Est. tempo de leitura":"4 minutos"},"schema":{"@context":"https:\/\/schema.org","@graph":[{"@type":"Article","@id":"http:\/\/www.sindipetroba.org.br\/2019\/bolsonaro-quer-mexer-no-abono-auxilio-doenca-bpc-e-ir-para-pagar-renda-cidada\/#article","isPartOf":{"@id":"http:\/\/www.sindipetroba.org.br\/2019\/bolsonaro-quer-mexer-no-abono-auxilio-doenca-bpc-e-ir-para-pagar-renda-cidada\/"},"author":{"name":"admsp","@id":"http:\/\/www.sindipetroba.org.br\/2019\/#\/schema\/person\/e61228ef9f981537d4c4eb80f6ea7713"},"headline":"Bolsonaro quer mexer no abono, aux\u00edlio-doen\u00e7a, BPC e IR para pagar Renda Cidad\u00e3","datePublished":"2020-10-08T18:40:11+00:00","mainEntityOfPage":{"@id":"http:\/\/www.sindipetroba.org.br\/2019\/bolsonaro-quer-mexer-no-abono-auxilio-doenca-bpc-e-ir-para-pagar-renda-cidada\/"},"wordCount":882,"publisher":{"@id":"http:\/\/www.sindipetroba.org.br\/2019\/#organization"},"image":{"@id":"http:\/\/www.sindipetroba.org.br\/2019\/bolsonaro-quer-mexer-no-abono-auxilio-doenca-bpc-e-ir-para-pagar-renda-cidada\/#primaryimage"},"thumbnailUrl":"http:\/\/www.sindipetroba.org.br\/2019\/wp-content\/uploads\/2020\/10\/systemuploadsnews0941d2e2ac2991baa80-700x460xfit-4a92e.jpg","keywords":["Aux\u00edlio-doen\u00e7a","Bolsonaro","BPC","Renda Cidad\u00e3"],"articleSection":["Not\u00edcia"],"inLanguage":"pt-BR"},{"@type":"WebPage","@id":"http:\/\/www.sindipetroba.org.br\/2019\/bolsonaro-quer-mexer-no-abono-auxilio-doenca-bpc-e-ir-para-pagar-renda-cidada\/","url":"http:\/\/www.sindipetroba.org.br\/2019\/bolsonaro-quer-mexer-no-abono-auxilio-doenca-bpc-e-ir-para-pagar-renda-cidada\/","name":"Bolsonaro quer mexer no abono, aux\u00edlio-doen\u00e7a, BPC e IR para pagar Renda Cidad\u00e3 - Sindipetro BA","isPartOf":{"@id":"http:\/\/www.sindipetroba.org.br\/2019\/#website"},"primaryImageOfPage":{"@id":"http:\/\/www.sindipetroba.org.br\/2019\/bolsonaro-quer-mexer-no-abono-auxilio-doenca-bpc-e-ir-para-pagar-renda-cidada\/#primaryimage"},"image":{"@id":"http:\/\/www.sindipetroba.org.br\/2019\/bolsonaro-quer-mexer-no-abono-auxilio-doenca-bpc-e-ir-para-pagar-renda-cidada\/#primaryimage"},"thumbnailUrl":"http:\/\/www.sindipetroba.org.br\/2019\/wp-content\/uploads\/2020\/10\/systemuploadsnews0941d2e2ac2991baa80-700x460xfit-4a92e.jpg","datePublished":"2020-10-08T18:40:11+00:00","breadcrumb":{"@id":"http:\/\/www.sindipetroba.org.br\/2019\/bolsonaro-quer-mexer-no-abono-auxilio-doenca-bpc-e-ir-para-pagar-renda-cidada\/#breadcrumb"},"inLanguage":"pt-BR","potentialAction":[{"@type":"ReadAction","target":["http:\/\/www.sindipetroba.org.br\/2019\/bolsonaro-quer-mexer-no-abono-auxilio-doenca-bpc-e-ir-para-pagar-renda-cidada\/"]}]},{"@type":"ImageObject","inLanguage":"pt-BR","@id":"http:\/\/www.sindipetroba.org.br\/2019\/bolsonaro-quer-mexer-no-abono-auxilio-doenca-bpc-e-ir-para-pagar-renda-cidada\/#primaryimage","url":"http:\/\/www.sindipetroba.org.br\/2019\/wp-content\/uploads\/2020\/10\/systemuploadsnews0941d2e2ac2991baa80-700x460xfit-4a92e.jpg","contentUrl":"http:\/\/www.sindipetroba.org.br\/2019\/wp-content\/uploads\/2020\/10\/systemuploadsnews0941d2e2ac2991baa80-700x460xfit-4a92e.jpg","width":700,"height":460},{"@type":"BreadcrumbList","@id":"http:\/\/www.sindipetroba.org.br\/2019\/bolsonaro-quer-mexer-no-abono-auxilio-doenca-bpc-e-ir-para-pagar-renda-cidada\/#breadcrumb","itemListElement":[{"@type":"ListItem","position":1,"name":"In\u00edcio","item":"http:\/\/www.sindipetroba.org.br\/2019\/"},{"@type":"ListItem","position":2,"name":"Bolsonaro quer mexer no abono, aux\u00edlio-doen\u00e7a, BPC e IR para pagar Renda Cidad\u00e3"}]},{"@type":"WebSite","@id":"http:\/\/www.sindipetroba.org.br\/2019\/#website","url":"http:\/\/www.sindipetroba.org.br\/2019\/","name":"Sindipetro BA","description":"Sindicato dos Petroleiros e Petroleiras do Estado da Bahia","publisher":{"@id":"http:\/\/www.sindipetroba.org.br\/2019\/#organization"},"potentialAction":[{"@type":"SearchAction","target":{"@type":"EntryPoint","urlTemplate":"http:\/\/www.sindipetroba.org.br\/2019\/?s={search_term_string}"},"query-input":{"@type":"PropertyValueSpecification","valueRequired":true,"valueName":"search_term_string"}}],"inLanguage":"pt-BR"},{"@type":"Organization","@id":"http:\/\/www.sindipetroba.org.br\/2019\/#organization","name":"Sindipetro BA","url":"http:\/\/www.sindipetroba.org.br\/2019\/","logo":{"@type":"ImageObject","inLanguage":"pt-BR","@id":"http:\/\/www.sindipetroba.org.br\/2019\/#\/schema\/logo\/image\/","url":"http:\/\/www.sindipetroba.org.br\/2019\/wp-content\/uploads\/2019\/01\/sindipetro-marca-cor.png","contentUrl":"http:\/\/www.sindipetroba.org.br\/2019\/wp-content\/uploads\/2019\/01\/sindipetro-marca-cor.png","width":350,"height":126,"caption":"Sindipetro BA"},"image":{"@id":"http:\/\/www.sindipetroba.org.br\/2019\/#\/schema\/logo\/image\/"},"sameAs":["https:\/\/www.facebook.com\/sindipetroBa\/","https:\/\/x.com\/SindipetroBahia","https:\/\/www.instagram.com\/sindipetroba\/","https:\/\/www.youtube.com\/c\/SindipetroBahiaOficial"]},{"@type":"Person","@id":"http:\/\/www.sindipetroba.org.br\/2019\/#\/schema\/person\/e61228ef9f981537d4c4eb80f6ea7713","name":"admsp","image":{"@type":"ImageObject","inLanguage":"pt-BR","@id":"https:\/\/secure.gravatar.com\/avatar\/50f06e2b746fe9248099d2c61c12342ab36327e9d413e3171dd7033b84800d96?s=96&d=mm&r=g","url":"https:\/\/secure.gravatar.com\/avatar\/50f06e2b746fe9248099d2c61c12342ab36327e9d413e3171dd7033b84800d96?s=96&d=mm&r=g","contentUrl":"https:\/\/secure.gravatar.com\/avatar\/50f06e2b746fe9248099d2c61c12342ab36327e9d413e3171dd7033b84800d96?s=96&d=mm&r=g","caption":"admsp"}}]}},"_links":{"self":[{"href":"http:\/\/www.sindipetroba.org.br\/2019\/wp-json\/wp\/v2\/posts\/9984","targetHints":{"allow":["GET"]}}],"collection":[{"href":"http:\/\/www.sindipetroba.org.br\/2019\/wp-json\/wp\/v2\/posts"}],"about":[{"href":"http:\/\/www.sindipetroba.org.br\/2019\/wp-json\/wp\/v2\/types\/post"}],"author":[{"embeddable":true,"href":"http:\/\/www.sindipetroba.org.br\/2019\/wp-json\/wp\/v2\/users\/1"}],"replies":[{"embeddable":true,"href":"http:\/\/www.sindipetroba.org.br\/2019\/wp-json\/wp\/v2\/comments?post=9984"}],"version-history":[{"count":1,"href":"http:\/\/www.sindipetroba.org.br\/2019\/wp-json\/wp\/v2\/posts\/9984\/revisions"}],"predecessor-version":[{"id":9986,"href":"http:\/\/www.sindipetroba.org.br\/2019\/wp-json\/wp\/v2\/posts\/9984\/revisions\/9986"}],"wp:featuredmedia":[{"embeddable":true,"href":"http:\/\/www.sindipetroba.org.br\/2019\/wp-json\/wp\/v2\/media\/9985"}],"wp:attachment":[{"href":"http:\/\/www.sindipetroba.org.br\/2019\/wp-json\/wp\/v2\/media?parent=9984"}],"wp:term":[{"taxonomy":"category","embeddable":true,"href":"http:\/\/www.sindipetroba.org.br\/2019\/wp-json\/wp\/v2\/categories?post=9984"},{"taxonomy":"post_tag","embeddable":true,"href":"http:\/\/www.sindipetroba.org.br\/2019\/wp-json\/wp\/v2\/tags?post=9984"}],"curies":[{"name":"wp","href":"https:\/\/api.w.org\/{rel}","templated":true}]}}