{"id":15536,"date":"2021-11-19T17:39:08","date_gmt":"2021-11-19T20:39:08","guid":{"rendered":"http:\/\/www.sindipetroba.org.br\/2019\/?p=15536"},"modified":"2021-11-19T17:40:51","modified_gmt":"2021-11-19T20:40:51","slug":"veja-onde-tem-atos-forabolsonaroracista-no-feriado-da-consciencia-negra","status":"publish","type":"post","link":"http:\/\/www.sindipetroba.org.br\/2019\/veja-onde-tem-atos-forabolsonaroracista-no-feriado-da-consciencia-negra\/","title":{"rendered":"Veja onde tem atos #ForaBolsonaroRacista no feriado da Consci\u00eancia Negra"},"content":{"rendered":"<h3>J\u00e1 est\u00e3o confirmados 113 atos em mais de 100 cidades do Brasil e do exterior. Mobiliza\u00e7\u00f5es tomar\u00e3o as ruas desde as primeiras horas da manh\u00e3 deste s\u00e1bado, 20 de novembro, Dia da Consci\u00eancia Negra<\/h3>\n<p>As ruas de cidades do Brasil e do exterior ser\u00e3o ocupadas mais uma vez, neste s\u00e1bado (20), feriado da Consci\u00eancia Negra, contra o governo de Jair Bolsonaro (ex-PSL). At\u00e9 o momento j\u00e1 s\u00e3o 113 atos confirmados em 105 cidades. O #20NForaBolsonaroRacista une as pautas gerais da classe trabalhadora \u00e0 luta antirracista.<\/p>\n<p>As pol\u00edticas econ\u00f4mica e social de Bolsonaro e seu ministro da Economia, Paulo Guedes, s\u00e3o respons\u00e1veis pela situa\u00e7\u00e3o de mis\u00e9ria, fome, e desemprego vivida pela popula\u00e7\u00e3o brasileira. A trag\u00e9dia pela qual o pa\u00eds passa impacta de maneira ainda mais direta a popula\u00e7\u00e3o negra, unificando a luta pelas pautas da classe trabalhadora e as pautas urgentes de negros e negras.<\/p>\n<p>Este dia de mobiliza\u00e7\u00e3o levar\u00e1 \u00e0s ruas o grito de Fora Bolsonaro para que o pa\u00eds possa ter a esperan\u00e7a de dias melhores, de retomada do desenvolvimento com gera\u00e7\u00e3o de emprego, renda, de enfrentamento \u00e0 pandemia que garanta condi\u00e7\u00f5es de vida \u00e0 popula\u00e7\u00e3o e de controle da economia para que a classe trabalhadora n\u00e3o sofra mais com aumentos abusivos de pre\u00e7os como os de alimentos e combust\u00edveis.<\/p>\n<p>\u201cA pol\u00edtica de Bolsonaro \u00e9 uma pol\u00edtica de morte da popula\u00e7\u00e3o mais pobre e da popula\u00e7\u00e3o negra. Por isso quem quer uma sociedade mais justa, igualit\u00e1ria, quem acredita na vida, estar\u00e1 nas ruas conosco neste s\u00e1bado, 20 de novembro, gritando Fora, Bolsonaro Racista\u201d, convoca Anatalina Louren\u00e7o, secret\u00e1ria de Combate ao Racismo da CUT.<\/p>\n<p>Nas ruas, os protestos ser\u00e3o realizados seguindo protocolos de seguran\u00e7a para evitar a dissemina\u00e7\u00e3o da Covid-19. \u00c0queles que v\u00e3o \u00e0s ruas, a orienta\u00e7\u00e3o \u00e9 dar prioridade do uso da m\u00e1scara, \u00e1lcool-gel e manter distanciamento social, sempre que poss\u00edvel<\/p>\n<p><strong>Veja o mapa<\/strong><\/p>\n<p><iframe loading=\"lazy\" src=\"https:\/\/www.google.com\/maps\/d\/embed?mid=1_imFGNk5r09IpAaKMJudSXlHU60hMyz7\" width=\"640\" height=\"480\" data-mce-fragment=\"1\"><\/iframe><\/p>\n<p><strong>Veja a lista de cidades onde tem atos confirmados<\/strong><\/p>\n<p><strong>Norte<\/strong><\/p>\n<p>AM &#8211; Manaus &#8211; Pra\u00e7a da Pol\u00edcia\u00a0 |\u00a0 14h<\/p>\n<p>AP &#8211; Macap\u00e1 &#8211; Pra\u00e7a Veiga Cabral | 15h<\/p>\n<p>PA &#8211; Bel\u00e9m\u00a0 &#8211; Mercado S\u00e3o Br\u00e1s | 8h<\/p>\n<p>RR &#8211; Boa Vista &#8211; Pra\u00e7a do Centro C\u00edvico | 8h<\/p>\n<p><strong>Nordeste<\/strong><\/p>\n<p>AL &#8211; Macei\u00f3 &#8211; Exibi\u00e7\u00e3o Marighella Pra\u00e7a Largo de S\u00e3o Pedro | 18h30<\/p>\n<p>AL &#8211; Uni\u00e3o dos Palmares &#8211; Serra da Barriga e Ato em Uni\u00e3o | 8h<\/p>\n<p>BA &#8211; Feira de Santana &#8211; Caminhada Pra\u00e7a da Matriz | 9h<\/p>\n<p>BA &#8211; Ilh\u00e9us &#8211; Pra\u00e7a do Malhado | 9h<\/p>\n<p>BA &#8211; Itabuna &#8211; Jardim do O, Centro | 9h<\/p>\n<p>BA &#8211; Paulo Afonso &#8211; Parque Balne\u00e1rio Abelardo Wanderley | 16h<\/p>\n<p>BA &#8211; Prado &#8211; Mercado Municipal | 9h30<\/p>\n<p>BA &#8211; Salvador &#8211; Campo Grande | 13h<\/p>\n<p>BA &#8211; Senhor do Bonfim &#8211; Quilombo Tijua\u00e7u-BR 407 | 13h30<\/p>\n<p>CE &#8211; Fortaleza &#8211; Caminhada no Passeio P\u00fablico | 8h<\/p>\n<p>CE &#8211; Juazeiro do Norte &#8211; Pra\u00e7a do Giradouro | 16h<\/p>\n<p>CE &#8211; S\u00e3o Benedito &#8211; Pra\u00e7a dos \u00cdndios | 8h<\/p>\n<p>MA &#8211; Santa In\u00eas | Pra\u00e7a da Matriz (em frente a Caixa Econ\u00f4mica) | 7h30<\/p>\n<p>MA &#8211; S\u00e3o Lu\u00eds &#8211; Pra\u00e7a do Viva Liberdade | 15h<\/p>\n<p>PB &#8211; Campina Grande &#8211; Pra\u00e7a da Bandeira | 8h30<\/p>\n<p>PB &#8211; Jo\u00e3o Pessoa &#8211; Lyceu Paraibano | 9h (caminhada at\u00e9 o Ponto de Cem R\u00e9is)<\/p>\n<p>PB &#8211; Jo\u00e3o Pessoa &#8211; Teatro Santa Rosa | 14h (Ato em 19\/11)<\/p>\n<p>PE &#8211; Afogados da Ingazeira &#8211; Ato Unificado Sert\u00e3o do Paje\u00fa &#8211; Concentra\u00e7\u00e3o STR | 7h30<\/p>\n<p>PE &#8211; Recife &#8211; P\u00e1tio do Carmo | 14h<\/p>\n<p>PI &#8211; Teresina &#8211; Parque da Cidadania | 16h<\/p>\n<p>RN &#8211; Mossor\u00f3 &#8211; Pra\u00e7a da Pax | 8h<\/p>\n<p>RN &#8211; Natal &#8211; Midway | 15h<\/p>\n<p>SE &#8211; Aracaju &#8211; Pra\u00e7a da Aboli\u00e7\u00e3o (Bairro Am\u00e9rica\/Nos fundos da Loja Havan) | 15h<\/p>\n<p>&nbsp;<\/p>\n<p><strong>Centro-Oeste<\/strong><\/p>\n<p>DF &#8211; Bras\u00edlia &#8211; Museu Nacional | 15h<\/p>\n<p>GO &#8211; Formosa &#8211; Pra\u00e7a Rui Barbosa | 16h<\/p>\n<p>GO &#8211; Goi\u00e2nia &#8211; Pra\u00e7a Universit\u00e1ria | 9h<\/p>\n<p>GO &#8211; Rio Verde &#8211; Pra\u00e7a da Vila Promiss\u00e3o | 15h30<\/p>\n<p>MS &#8211; Campo Grande &#8211; Pra\u00e7a Ary Coelho | 9h<\/p>\n<p>MT &#8211; Cuiab\u00e1 &#8211; Beco do Candeeiro | (Aguardando infos)<\/p>\n<p>&nbsp;<\/p>\n<p><strong>Sudeste<\/strong><\/p>\n<p>ES &#8211; Sap\u00ea do Norte &#8211; Regi\u00e3o das Comunidades Quilombolas de Linharinho | 8h<\/p>\n<p>ES &#8211; Venda Nova do Imigrante &#8211; Bate Papo Casa Da Maria Moreira (Bicu\u00edba) | 17h<\/p>\n<p>ES &#8211; Vit\u00f3ria &#8211; Ato na Quadra da Escola de Samba Independente de S\u00e3o Torquato | 10h<\/p>\n<p>ES &#8211; Vit\u00f3ria &#8211; Pra\u00e7a de Gurigica | 15h<\/p>\n<p>MG &#8211; Barbacena &#8211; Pra\u00e7a do Ros\u00e1rio | 15h<\/p>\n<p>MG &#8211; Belo Horizonte &#8211; Pra\u00e7a da Liberdade | 15h<\/p>\n<p>MG &#8211; Contagem &#8211; Pra\u00e7a Iria Diniz | 9h<\/p>\n<p>MG &#8211; Divin\u00f3polis &#8211; Quarteir\u00e3o fechado da Rua S\u00e3o Paulo | 8h30<\/p>\n<p>MG &#8211; Governador Valadares &#8211; Pra\u00e7a Principal do Bairro Conquista | 8h<\/p>\n<p>MG &#8211; Ipatinga &#8211; Em frente \u00e0 escola Arthur Bernardes | 8h30<\/p>\n<p>MG &#8211; Juiz de Fora &#8211; Pra\u00e7a da Esta\u00e7\u00e3o | 10h<\/p>\n<p>MG &#8211; Luz &#8211; Atos no Munic\u00edpio | 13h<\/p>\n<p>MG &#8211; Montes Claros &#8211; Pra\u00e7a Doutor Carlos | 8h<\/p>\n<p>MG &#8211; Ouro Preto &#8211; Pra\u00e7a em frente ao Barroco | 9h30<\/p>\n<p>MG &#8211; Par\u00e1 de Minas &#8211; Pra\u00e7a da Matriz | 10h<\/p>\n<p>MG &#8211; Pouso Alegre &#8211; Pra\u00e7a da Catedral | 10h<\/p>\n<p>MG &#8211; Ribeir\u00e3o das Neves &#8211; Curumim Urca | 10h<\/p>\n<p>MG &#8211; Santos Dumont &#8211; Pra\u00e7a Ces\u00e1rio Alvim | 10h<\/p>\n<p>MG &#8211; S\u00e3o Jo\u00e3o del Rei &#8211; Coreto | 15h30<\/p>\n<p>MG &#8211; S\u00e3o Sebasti\u00e3o do Para\u00edso &#8211; Pra\u00e7a da Abadia | 10h<\/p>\n<p>MG &#8211; Uberaba &#8211; Quadra de Esportes Uberaba I | 9h30<\/p>\n<p>RJ &#8211; Angra dos Reis &#8211; Pra\u00e7a Zumbi dos Palmares | 9h<\/p>\n<p>RJ &#8211; Nova Friburgo &#8211; Pra\u00e7a Dermeval Barbosa Moreira | 14h<\/p>\n<p>RJ &#8211; Niter\u00f3i &#8211; Pra\u00e7a Arariboia | 9h<\/p>\n<p>RJ &#8211; Niter\u00f3i &#8211; Viva Zumbi na Concha Ac\u00fastica (Com coleta de alimentos \u00f1 perec\u00edveis) | 10h<\/p>\n<p>RJ &#8211; Niter\u00f3i &#8211; C\u00e2mara dos Vereadores | 10h<\/p>\n<p>RJ &#8211; Rio de Janeiro &#8211; Terreir\u00e3o do Samba, Av. Presidente Vargas | 10h<\/p>\n<p>RJ &#8211; Rio de Janeiro &#8211; Viaduto Negr\u00e3o de Lima (Viaduto de Madureira) | 13h<\/p>\n<p>RJ &#8211; Teres\u00f3polis &#8211; Cal\u00e7ada da Fama | 9h<\/p>\n<p>SP &#8211; Barretos &#8211; Igreja Matriz | 9h<\/p>\n<p>SP &#8211; Botucatu &#8211; Pra\u00e7a do Bosque | 13h<\/p>\n<p>SP &#8211; Guarulhos &#8211; Pra\u00e7a do Stella | 8h30<\/p>\n<p>SP &#8211; Ilhabela &#8211; Pra\u00e7a da Mangueira | 15h<\/p>\n<p>SP &#8211; Itanha\u00e9m &#8211; Pra\u00e7a Narciso Andrade | 9h30<\/p>\n<p>SP &#8211; Jacare\u00ed &#8211; Ato Pra\u00e7a Marielle Franco | 18h (Ato em 19\/11)<\/p>\n<p>SP &#8211; Jundia\u00ed &#8211; Pra\u00e7a do Gabinete de Leitura Rui Barbosa | 9h<\/p>\n<p>SP &#8211; Mar\u00edlia &#8211; Ilha da Galeria Atenas | 10h<\/p>\n<p>SP &#8211; Mau\u00e1 &#8211; Pra\u00e7a do Rel\u00f3gio, Pr\u00f3x. Esta\u00e7\u00e3o CPTM | 10h<\/p>\n<p>SP &#8211; Osasco &#8211; Largo de Osasco | 9h30<\/p>\n<p>SP &#8211; Pindamonhangaba &#8211; Rua Antifascista, Travessa Rui Barbosa, 37 | 9h<\/p>\n<p>SP &#8211; Praia Grande &#8211; Pra\u00e7a Helena Cardozo Bernardino (P\u00e7a P1 &#8211; Samambaia) | 14h30<\/p>\n<p>SP &#8211; Ribeir\u00e3o Preto &#8211; Comunidade Nazar\u00e9 Paulista na ZN | 9h<\/p>\n<p>SP &#8211; S\u00e3o Carlos &#8211; Mercad\u00e3o | 9h<\/p>\n<p>SP &#8211; S\u00e3o Paulo &#8211; MASP | 12h<\/p>\n<p>SP &#8211; Socorro &#8211; Pra\u00e7a Santos Dumont | 14h<\/p>\n<p>SP &#8211; Sorocaba &#8211; Caminhada Capela Jo\u00e3o de Camargo | (Aguardando infos)<\/p>\n<p><strong>Sul<\/strong><\/p>\n<p>PR &#8211; Barrac\u00e3o &#8211; Pra\u00e7a Clevel\u00e2ndia | 10h<\/p>\n<p>PR &#8211; Curitiba &#8211; Largo da Ordem\/Pra\u00e7a Jo\u00e3o C\u00e2ndido | 15h<\/p>\n<p>PR &#8211; Londrina &#8211; Cal\u00e7ad\u00e3o, entre a Hugo Cabral e Pernambuco | 9h<\/p>\n<p>PR &#8211; Ponta Grossa &#8211; Pra\u00e7a Bar\u00e3o de Guara\u00fana (AQUILOMBAR: Negritude Pelo Fora Bolsonaro) | 14h<\/p>\n<p>RS \u2013 Pelotas \u2013 Altar da P\u00e1tria at\u00e9 Mercado Central | 9h30<\/p>\n<p>RS \u2013 Porto Alegre \u2013 Largo Gl\u00eanio Peres | 15h30<\/p>\n<p>RS \u2013 Santa Maria \u2013 Pra\u00e7a Saldanha Marinha | 16h<\/p>\n<p>SC \u2013 Blumenau \u2013 Pra\u00e7a do Teatro Carlos Gomes | 10h<\/p>\n<p>SC \u2013 Crici\u00fama &#8211; Parque Altair Guidi | 15h<\/p>\n<p>SC \u2013 Chapec\u00f3 Pra\u00e7a Central | 9h30<\/p>\n<p>SC &#8211; Florian\u00f3polis &#8211; Pra\u00e7a da Alf\u00e2ndega | 9h<\/p>\n<p>SC &#8211; Joinville &#8211; Parque da Cidade (setor Sambaqui) | 14 h<\/p>\n<p>SC &#8211; Lages &#8211; Pra\u00e7a Jo\u00e3o Costa (Cal\u00e7ad\u00e3o) | 9h<\/p>\n<p>SC &#8211; Dion\u00edsio Cerqueira Pra\u00e7a Central | Pra\u00e7a Central, \u00e0s 9hSC \u2013 Blumenau \u2013 Pra\u00e7a do Teatro Carlos Gomes | 10h<\/p>\n<p>SC \u2013 Crici\u00fama &#8211; Parque Altair Guidi | 15h<\/p>\n<p>SC \u2013 Chapec\u00f3 Pra\u00e7a Central | 9h30<\/p>\n<p>SC &#8211; Florian\u00f3polis &#8211; Pra\u00e7a da Alf\u00e2ndega | 9h<\/p>\n<p>SC &#8211; Joinville &#8211; Parque da Cidade (setor Sambaqui) | 14 h<\/p>\n<p>SC &#8211; Lages &#8211; Pra\u00e7a Jo\u00e3o Costa (Cal\u00e7ad\u00e3o) | 9h<\/p>\n<p>SC &#8211; Dion\u00edsio Cerqueira &#8211; Pra\u00e7a Central | Pra\u00e7a Central, \u00e0s 9h<\/p>\n<p>SC &#8211;\u00a0S\u00e3o Miguel do Oeste &#8211; Pra\u00e7a Walnir Bottaro Daniel | 14h<\/p>\n<p>&nbsp;<\/p>\n<p><strong>No Exterior<\/strong><\/p>\n<p>Alemanha &#8211; Berlim &#8211; Pariser Platz | 12h at\u00e9 13h40 (hor\u00e1rio local)<\/p>\n<p>B\u00e9lgica &#8211; Bruxelas &#8211; LAMAB Rue de l\u2019Association 14 &#8211; 1000 | 15h \u00e0s 16h (hor\u00e1rio local)<\/p>\n<p>Espanha &#8211; Madrid &#8211; Sa\u00edda da Maloka, calle salitre 36 | 17h (Ato em 21\/11 &#8211; hor\u00e1rio local)<\/p>\n<p>EUA &#8211; Nova York &#8211; The People&#8217;s Forum | 13h (hor\u00e1rio local)<\/p>\n<p>EUA &#8211; Nova York &#8211; Times Square | 16h (hor\u00e1rio local)<\/p>\n<p>Fran\u00e7a &#8211; Paris &#8211; 3 Place de Gr\u00e8s PCF 20\u00e8me | 18h \u00e0s 22h<\/p>\n<p>Holanda &#8211; Amsterd\u00e3 &#8211; Nieuwmarkt (Metr\u00f4 M51, M53, M54) | 15h<\/p>\n<p>It\u00e1lia &#8211; Roma &#8211; Piazza della Repubblica | 17h (hor\u00e1rio local)<\/p>\n<p>It\u00e1lia &#8211; Roma &#8211; Via Monte Testaccio 22 | 20h (hor\u00e1rio local)<\/p>\n<p>Portugal &#8211; Lisboa &#8211; Biblioteca da Casa do Alentejo (R. das Portas de Santo Ant\u00e3o, 72) | 15h (hor\u00e1rio local)<\/p>\n<p>Portugal &#8211; Lisboa &#8211; Pra\u00e7a do Munic\u00edpio | 16h30 (hor\u00e1rio local)<\/p>\n<p>Portugal &#8211; Lisboa &#8211; Largo Cam\u00f5es | 17h (hor\u00e1rio local)<\/p>\n<p>Portugal &#8211; Porto &#8211; Centro Portugu\u00eas de Fotografia | 15h (hor\u00e1rio local)<\/p>\n<p>Su\u00ed\u00e7a &#8211; Genebra &#8211; Quai Wilson, 1201 en face du Palais Wilson, cot\u00ea lac | 11h \u00e0s 13h (hor\u00e1rio local)<\/p>\n","protected":false},"excerpt":{"rendered":"J\u00e1 est\u00e3o confirmados 113 atos em mais de 100 cidades do Brasil e do exterior. Mobiliza\u00e7\u00f5es tomar\u00e3o as ruas desde as primeiras horas da manh\u00e3 deste s\u00e1bado, 20 de novembro, Dia da Consci\u00eancia Negra As ruas de cidades do Brasil e do exterior ser\u00e3o ocupadas mais uma vez, neste s\u00e1bado (20), feriado da Consci\u00eancia Negra,&#8230; <a class=\"view-article\" href=\"http:\/\/www.sindipetroba.org.br\/2019\/veja-onde-tem-atos-forabolsonaroracista-no-feriado-da-consciencia-negra\/\">Ver artigo<\/a>","protected":false},"author":4,"featured_media":15537,"comment_status":"closed","ping_status":"open","sticky":false,"template":"","format":"standard","meta":{"_et_pb_use_builder":"","_et_pb_old_content":"","_et_gb_content_width":"","footnotes":""},"categories":[1],"tags":[2108,320,697,982,1190],"class_list":["post-15536","post","type-post","status-publish","format-standard","has-post-thumbnail","hentry","category-noticia","tag-forabolsonarogenocida","tag-bolsonaro","tag-economia","tag-forabolsonaro","tag-paulo-guedes"],"yoast_head":"<!-- This site is optimized with the Yoast SEO plugin v27.3 - https:\/\/yoast.com\/product\/yoast-seo-wordpress\/ -->\n<title>Veja onde tem atos #ForaBolsonaroRacista no feriado da Consci\u00eancia Negra - Sindipetro BA<\/title>\n<meta name=\"robots\" content=\"index, follow, max-snippet:-1, max-image-preview:large, max-video-preview:-1\" \/>\n<link rel=\"canonical\" href=\"http:\/\/www.sindipetroba.org.br\/2019\/veja-onde-tem-atos-forabolsonaroracista-no-feriado-da-consciencia-negra\/\" \/>\n<meta property=\"og:locale\" content=\"pt_BR\" \/>\n<meta property=\"og:type\" content=\"article\" \/>\n<meta property=\"og:title\" content=\"Veja onde tem atos #ForaBolsonaroRacista no feriado da Consci\u00eancia Negra - Sindipetro BA\" \/>\n<meta property=\"og:description\" content=\"J\u00e1 est\u00e3o confirmados 113 atos em mais de 100 cidades do Brasil e do exterior. Mobiliza\u00e7\u00f5es tomar\u00e3o as ruas desde as primeiras horas da manh\u00e3 deste s\u00e1bado, 20 de novembro, Dia da Consci\u00eancia Negra As ruas de cidades do Brasil e do exterior ser\u00e3o ocupadas mais uma vez, neste s\u00e1bado (20), feriado da Consci\u00eancia Negra,... Ver artigo\" \/>\n<meta property=\"og:url\" content=\"http:\/\/www.sindipetroba.org.br\/2019\/veja-onde-tem-atos-forabolsonaroracista-no-feriado-da-consciencia-negra\/\" \/>\n<meta property=\"og:site_name\" content=\"Sindipetro BA\" \/>\n<meta property=\"article:publisher\" content=\"https:\/\/www.facebook.com\/sindipetroBa\/\" \/>\n<meta property=\"article:published_time\" content=\"2021-11-19T20:39:08+00:00\" \/>\n<meta property=\"article:modified_time\" content=\"2021-11-19T20:40:51+00:00\" \/>\n<meta property=\"og:image\" content=\"http:\/\/www.sindipetroba.org.br\/2019\/wp-content\/uploads\/2021\/11\/MATERIA-C-E-1.png\" \/>\n\t<meta property=\"og:image:width\" content=\"1080\" \/>\n\t<meta property=\"og:image:height\" content=\"1080\" \/>\n\t<meta property=\"og:image:type\" content=\"image\/png\" \/>\n<meta name=\"author\" content=\"ASCOM\" \/>\n<meta name=\"twitter:card\" content=\"summary_large_image\" \/>\n<meta name=\"twitter:creator\" content=\"@SindipetroBahia\" \/>\n<meta name=\"twitter:site\" content=\"@SindipetroBahia\" \/>\n<meta name=\"twitter:label1\" content=\"Escrito por\" \/>\n\t<meta name=\"twitter:data1\" content=\"ASCOM\" \/>\n\t<meta name=\"twitter:label2\" content=\"Est. tempo de leitura\" \/>\n\t<meta name=\"twitter:data2\" content=\"2 minutos\" \/>\n<script type=\"application\/ld+json\" class=\"yoast-schema-graph\">{\"@context\":\"https:\\\/\\\/schema.org\",\"@graph\":[{\"@type\":\"Article\",\"@id\":\"http:\\\/\\\/www.sindipetroba.org.br\\\/2019\\\/veja-onde-tem-atos-forabolsonaroracista-no-feriado-da-consciencia-negra\\\/#article\",\"isPartOf\":{\"@id\":\"http:\\\/\\\/www.sindipetroba.org.br\\\/2019\\\/veja-onde-tem-atos-forabolsonaroracista-no-feriado-da-consciencia-negra\\\/\"},\"author\":{\"name\":\"ASCOM\",\"@id\":\"http:\\\/\\\/www.sindipetroba.org.br\\\/2019\\\/#\\\/schema\\\/person\\\/80e88dbf823328ddad08b17600055a3c\"},\"headline\":\"Veja onde tem atos #ForaBolsonaroRacista no feriado da Consci\u00eancia Negra\",\"datePublished\":\"2021-11-19T20:39:08+00:00\",\"dateModified\":\"2021-11-19T20:40:51+00:00\",\"mainEntityOfPage\":{\"@id\":\"http:\\\/\\\/www.sindipetroba.org.br\\\/2019\\\/veja-onde-tem-atos-forabolsonaroracista-no-feriado-da-consciencia-negra\\\/\"},\"wordCount\":1681,\"publisher\":{\"@id\":\"http:\\\/\\\/www.sindipetroba.org.br\\\/2019\\\/#organization\"},\"image\":{\"@id\":\"http:\\\/\\\/www.sindipetroba.org.br\\\/2019\\\/veja-onde-tem-atos-forabolsonaroracista-no-feriado-da-consciencia-negra\\\/#primaryimage\"},\"thumbnailUrl\":\"http:\\\/\\\/www.sindipetroba.org.br\\\/2019\\\/wp-content\\\/uploads\\\/2021\\\/11\\\/MATERIA-C-E-1.png\",\"keywords\":[\"#forabolsonarogenocida\",\"Bolsonaro\",\"economia\",\"forabolsonaro\",\"Paulo Guedes\"],\"articleSection\":[\"Not\u00edcia\"],\"inLanguage\":\"pt-BR\"},{\"@type\":\"WebPage\",\"@id\":\"http:\\\/\\\/www.sindipetroba.org.br\\\/2019\\\/veja-onde-tem-atos-forabolsonaroracista-no-feriado-da-consciencia-negra\\\/\",\"url\":\"http:\\\/\\\/www.sindipetroba.org.br\\\/2019\\\/veja-onde-tem-atos-forabolsonaroracista-no-feriado-da-consciencia-negra\\\/\",\"name\":\"Veja onde tem atos #ForaBolsonaroRacista no feriado da Consci\u00eancia Negra - Sindipetro BA\",\"isPartOf\":{\"@id\":\"http:\\\/\\\/www.sindipetroba.org.br\\\/2019\\\/#website\"},\"primaryImageOfPage\":{\"@id\":\"http:\\\/\\\/www.sindipetroba.org.br\\\/2019\\\/veja-onde-tem-atos-forabolsonaroracista-no-feriado-da-consciencia-negra\\\/#primaryimage\"},\"image\":{\"@id\":\"http:\\\/\\\/www.sindipetroba.org.br\\\/2019\\\/veja-onde-tem-atos-forabolsonaroracista-no-feriado-da-consciencia-negra\\\/#primaryimage\"},\"thumbnailUrl\":\"http:\\\/\\\/www.sindipetroba.org.br\\\/2019\\\/wp-content\\\/uploads\\\/2021\\\/11\\\/MATERIA-C-E-1.png\",\"datePublished\":\"2021-11-19T20:39:08+00:00\",\"dateModified\":\"2021-11-19T20:40:51+00:00\",\"breadcrumb\":{\"@id\":\"http:\\\/\\\/www.sindipetroba.org.br\\\/2019\\\/veja-onde-tem-atos-forabolsonaroracista-no-feriado-da-consciencia-negra\\\/#breadcrumb\"},\"inLanguage\":\"pt-BR\",\"potentialAction\":[{\"@type\":\"ReadAction\",\"target\":[\"http:\\\/\\\/www.sindipetroba.org.br\\\/2019\\\/veja-onde-tem-atos-forabolsonaroracista-no-feriado-da-consciencia-negra\\\/\"]}]},{\"@type\":\"ImageObject\",\"inLanguage\":\"pt-BR\",\"@id\":\"http:\\\/\\\/www.sindipetroba.org.br\\\/2019\\\/veja-onde-tem-atos-forabolsonaroracista-no-feriado-da-consciencia-negra\\\/#primaryimage\",\"url\":\"http:\\\/\\\/www.sindipetroba.org.br\\\/2019\\\/wp-content\\\/uploads\\\/2021\\\/11\\\/MATERIA-C-E-1.png\",\"contentUrl\":\"http:\\\/\\\/www.sindipetroba.org.br\\\/2019\\\/wp-content\\\/uploads\\\/2021\\\/11\\\/MATERIA-C-E-1.png\",\"width\":1080,\"height\":1080},{\"@type\":\"BreadcrumbList\",\"@id\":\"http:\\\/\\\/www.sindipetroba.org.br\\\/2019\\\/veja-onde-tem-atos-forabolsonaroracista-no-feriado-da-consciencia-negra\\\/#breadcrumb\",\"itemListElement\":[{\"@type\":\"ListItem\",\"position\":1,\"name\":\"In\u00edcio\",\"item\":\"http:\\\/\\\/www.sindipetroba.org.br\\\/2019\\\/\"},{\"@type\":\"ListItem\",\"position\":2,\"name\":\"Veja onde tem atos #ForaBolsonaroRacista no feriado da Consci\u00eancia Negra\"}]},{\"@type\":\"WebSite\",\"@id\":\"http:\\\/\\\/www.sindipetroba.org.br\\\/2019\\\/#website\",\"url\":\"http:\\\/\\\/www.sindipetroba.org.br\\\/2019\\\/\",\"name\":\"Sindipetro BA\",\"description\":\"Sindicato dos Petroleiros e Petroleiras do Estado da Bahia\",\"publisher\":{\"@id\":\"http:\\\/\\\/www.sindipetroba.org.br\\\/2019\\\/#organization\"},\"potentialAction\":[{\"@type\":\"SearchAction\",\"target\":{\"@type\":\"EntryPoint\",\"urlTemplate\":\"http:\\\/\\\/www.sindipetroba.org.br\\\/2019\\\/?s={search_term_string}\"},\"query-input\":{\"@type\":\"PropertyValueSpecification\",\"valueRequired\":true,\"valueName\":\"search_term_string\"}}],\"inLanguage\":\"pt-BR\"},{\"@type\":\"Organization\",\"@id\":\"http:\\\/\\\/www.sindipetroba.org.br\\\/2019\\\/#organization\",\"name\":\"Sindipetro BA\",\"url\":\"http:\\\/\\\/www.sindipetroba.org.br\\\/2019\\\/\",\"logo\":{\"@type\":\"ImageObject\",\"inLanguage\":\"pt-BR\",\"@id\":\"http:\\\/\\\/www.sindipetroba.org.br\\\/2019\\\/#\\\/schema\\\/logo\\\/image\\\/\",\"url\":\"http:\\\/\\\/www.sindipetroba.org.br\\\/2019\\\/wp-content\\\/uploads\\\/2019\\\/01\\\/sindipetro-marca-cor.png\",\"contentUrl\":\"http:\\\/\\\/www.sindipetroba.org.br\\\/2019\\\/wp-content\\\/uploads\\\/2019\\\/01\\\/sindipetro-marca-cor.png\",\"width\":350,\"height\":126,\"caption\":\"Sindipetro BA\"},\"image\":{\"@id\":\"http:\\\/\\\/www.sindipetroba.org.br\\\/2019\\\/#\\\/schema\\\/logo\\\/image\\\/\"},\"sameAs\":[\"https:\\\/\\\/www.facebook.com\\\/sindipetroBa\\\/\",\"https:\\\/\\\/x.com\\\/SindipetroBahia\",\"https:\\\/\\\/www.instagram.com\\\/sindipetroba\\\/\",\"https:\\\/\\\/www.youtube.com\\\/c\\\/SindipetroBahiaOficial\"]},{\"@type\":\"Person\",\"@id\":\"http:\\\/\\\/www.sindipetroba.org.br\\\/2019\\\/#\\\/schema\\\/person\\\/80e88dbf823328ddad08b17600055a3c\",\"name\":\"ASCOM\",\"image\":{\"@type\":\"ImageObject\",\"inLanguage\":\"pt-BR\",\"@id\":\"https:\\\/\\\/secure.gravatar.com\\\/avatar\\\/a2ab2fd873c57926b9f03e30be8804429fd7b0d41f4f71170e45b7b7f84998a6?s=96&d=mm&r=g\",\"url\":\"https:\\\/\\\/secure.gravatar.com\\\/avatar\\\/a2ab2fd873c57926b9f03e30be8804429fd7b0d41f4f71170e45b7b7f84998a6?s=96&d=mm&r=g\",\"contentUrl\":\"https:\\\/\\\/secure.gravatar.com\\\/avatar\\\/a2ab2fd873c57926b9f03e30be8804429fd7b0d41f4f71170e45b7b7f84998a6?s=96&d=mm&r=g\",\"caption\":\"ASCOM\"},\"sameAs\":[\"http:\\\/\\\/www.sindipetroba.org.br\"]}]}<\/script>\n<!-- \/ Yoast SEO plugin. -->","yoast_head_json":{"title":"Veja onde tem atos #ForaBolsonaroRacista no feriado da Consci\u00eancia Negra - Sindipetro BA","robots":{"index":"index","follow":"follow","max-snippet":"max-snippet:-1","max-image-preview":"max-image-preview:large","max-video-preview":"max-video-preview:-1"},"canonical":"http:\/\/www.sindipetroba.org.br\/2019\/veja-onde-tem-atos-forabolsonaroracista-no-feriado-da-consciencia-negra\/","og_locale":"pt_BR","og_type":"article","og_title":"Veja onde tem atos #ForaBolsonaroRacista no feriado da Consci\u00eancia Negra - Sindipetro BA","og_description":"J\u00e1 est\u00e3o confirmados 113 atos em mais de 100 cidades do Brasil e do exterior. Mobiliza\u00e7\u00f5es tomar\u00e3o as ruas desde as primeiras horas da manh\u00e3 deste s\u00e1bado, 20 de novembro, Dia da Consci\u00eancia Negra As ruas de cidades do Brasil e do exterior ser\u00e3o ocupadas mais uma vez, neste s\u00e1bado (20), feriado da Consci\u00eancia Negra,... Ver artigo","og_url":"http:\/\/www.sindipetroba.org.br\/2019\/veja-onde-tem-atos-forabolsonaroracista-no-feriado-da-consciencia-negra\/","og_site_name":"Sindipetro BA","article_publisher":"https:\/\/www.facebook.com\/sindipetroBa\/","article_published_time":"2021-11-19T20:39:08+00:00","article_modified_time":"2021-11-19T20:40:51+00:00","og_image":[{"width":1080,"height":1080,"url":"http:\/\/www.sindipetroba.org.br\/2019\/wp-content\/uploads\/2021\/11\/MATERIA-C-E-1.png","type":"image\/png"}],"author":"ASCOM","twitter_card":"summary_large_image","twitter_creator":"@SindipetroBahia","twitter_site":"@SindipetroBahia","twitter_misc":{"Escrito por":"ASCOM","Est. tempo de leitura":"2 minutos"},"schema":{"@context":"https:\/\/schema.org","@graph":[{"@type":"Article","@id":"http:\/\/www.sindipetroba.org.br\/2019\/veja-onde-tem-atos-forabolsonaroracista-no-feriado-da-consciencia-negra\/#article","isPartOf":{"@id":"http:\/\/www.sindipetroba.org.br\/2019\/veja-onde-tem-atos-forabolsonaroracista-no-feriado-da-consciencia-negra\/"},"author":{"name":"ASCOM","@id":"http:\/\/www.sindipetroba.org.br\/2019\/#\/schema\/person\/80e88dbf823328ddad08b17600055a3c"},"headline":"Veja onde tem atos #ForaBolsonaroRacista no feriado da Consci\u00eancia Negra","datePublished":"2021-11-19T20:39:08+00:00","dateModified":"2021-11-19T20:40:51+00:00","mainEntityOfPage":{"@id":"http:\/\/www.sindipetroba.org.br\/2019\/veja-onde-tem-atos-forabolsonaroracista-no-feriado-da-consciencia-negra\/"},"wordCount":1681,"publisher":{"@id":"http:\/\/www.sindipetroba.org.br\/2019\/#organization"},"image":{"@id":"http:\/\/www.sindipetroba.org.br\/2019\/veja-onde-tem-atos-forabolsonaroracista-no-feriado-da-consciencia-negra\/#primaryimage"},"thumbnailUrl":"http:\/\/www.sindipetroba.org.br\/2019\/wp-content\/uploads\/2021\/11\/MATERIA-C-E-1.png","keywords":["#forabolsonarogenocida","Bolsonaro","economia","forabolsonaro","Paulo Guedes"],"articleSection":["Not\u00edcia"],"inLanguage":"pt-BR"},{"@type":"WebPage","@id":"http:\/\/www.sindipetroba.org.br\/2019\/veja-onde-tem-atos-forabolsonaroracista-no-feriado-da-consciencia-negra\/","url":"http:\/\/www.sindipetroba.org.br\/2019\/veja-onde-tem-atos-forabolsonaroracista-no-feriado-da-consciencia-negra\/","name":"Veja onde tem atos #ForaBolsonaroRacista no feriado da Consci\u00eancia Negra - Sindipetro BA","isPartOf":{"@id":"http:\/\/www.sindipetroba.org.br\/2019\/#website"},"primaryImageOfPage":{"@id":"http:\/\/www.sindipetroba.org.br\/2019\/veja-onde-tem-atos-forabolsonaroracista-no-feriado-da-consciencia-negra\/#primaryimage"},"image":{"@id":"http:\/\/www.sindipetroba.org.br\/2019\/veja-onde-tem-atos-forabolsonaroracista-no-feriado-da-consciencia-negra\/#primaryimage"},"thumbnailUrl":"http:\/\/www.sindipetroba.org.br\/2019\/wp-content\/uploads\/2021\/11\/MATERIA-C-E-1.png","datePublished":"2021-11-19T20:39:08+00:00","dateModified":"2021-11-19T20:40:51+00:00","breadcrumb":{"@id":"http:\/\/www.sindipetroba.org.br\/2019\/veja-onde-tem-atos-forabolsonaroracista-no-feriado-da-consciencia-negra\/#breadcrumb"},"inLanguage":"pt-BR","potentialAction":[{"@type":"ReadAction","target":["http:\/\/www.sindipetroba.org.br\/2019\/veja-onde-tem-atos-forabolsonaroracista-no-feriado-da-consciencia-negra\/"]}]},{"@type":"ImageObject","inLanguage":"pt-BR","@id":"http:\/\/www.sindipetroba.org.br\/2019\/veja-onde-tem-atos-forabolsonaroracista-no-feriado-da-consciencia-negra\/#primaryimage","url":"http:\/\/www.sindipetroba.org.br\/2019\/wp-content\/uploads\/2021\/11\/MATERIA-C-E-1.png","contentUrl":"http:\/\/www.sindipetroba.org.br\/2019\/wp-content\/uploads\/2021\/11\/MATERIA-C-E-1.png","width":1080,"height":1080},{"@type":"BreadcrumbList","@id":"http:\/\/www.sindipetroba.org.br\/2019\/veja-onde-tem-atos-forabolsonaroracista-no-feriado-da-consciencia-negra\/#breadcrumb","itemListElement":[{"@type":"ListItem","position":1,"name":"In\u00edcio","item":"http:\/\/www.sindipetroba.org.br\/2019\/"},{"@type":"ListItem","position":2,"name":"Veja onde tem atos #ForaBolsonaroRacista no feriado da Consci\u00eancia Negra"}]},{"@type":"WebSite","@id":"http:\/\/www.sindipetroba.org.br\/2019\/#website","url":"http:\/\/www.sindipetroba.org.br\/2019\/","name":"Sindipetro BA","description":"Sindicato dos Petroleiros e Petroleiras do Estado da Bahia","publisher":{"@id":"http:\/\/www.sindipetroba.org.br\/2019\/#organization"},"potentialAction":[{"@type":"SearchAction","target":{"@type":"EntryPoint","urlTemplate":"http:\/\/www.sindipetroba.org.br\/2019\/?s={search_term_string}"},"query-input":{"@type":"PropertyValueSpecification","valueRequired":true,"valueName":"search_term_string"}}],"inLanguage":"pt-BR"},{"@type":"Organization","@id":"http:\/\/www.sindipetroba.org.br\/2019\/#organization","name":"Sindipetro BA","url":"http:\/\/www.sindipetroba.org.br\/2019\/","logo":{"@type":"ImageObject","inLanguage":"pt-BR","@id":"http:\/\/www.sindipetroba.org.br\/2019\/#\/schema\/logo\/image\/","url":"http:\/\/www.sindipetroba.org.br\/2019\/wp-content\/uploads\/2019\/01\/sindipetro-marca-cor.png","contentUrl":"http:\/\/www.sindipetroba.org.br\/2019\/wp-content\/uploads\/2019\/01\/sindipetro-marca-cor.png","width":350,"height":126,"caption":"Sindipetro BA"},"image":{"@id":"http:\/\/www.sindipetroba.org.br\/2019\/#\/schema\/logo\/image\/"},"sameAs":["https:\/\/www.facebook.com\/sindipetroBa\/","https:\/\/x.com\/SindipetroBahia","https:\/\/www.instagram.com\/sindipetroba\/","https:\/\/www.youtube.com\/c\/SindipetroBahiaOficial"]},{"@type":"Person","@id":"http:\/\/www.sindipetroba.org.br\/2019\/#\/schema\/person\/80e88dbf823328ddad08b17600055a3c","name":"ASCOM","image":{"@type":"ImageObject","inLanguage":"pt-BR","@id":"https:\/\/secure.gravatar.com\/avatar\/a2ab2fd873c57926b9f03e30be8804429fd7b0d41f4f71170e45b7b7f84998a6?s=96&d=mm&r=g","url":"https:\/\/secure.gravatar.com\/avatar\/a2ab2fd873c57926b9f03e30be8804429fd7b0d41f4f71170e45b7b7f84998a6?s=96&d=mm&r=g","contentUrl":"https:\/\/secure.gravatar.com\/avatar\/a2ab2fd873c57926b9f03e30be8804429fd7b0d41f4f71170e45b7b7f84998a6?s=96&d=mm&r=g","caption":"ASCOM"},"sameAs":["http:\/\/www.sindipetroba.org.br"]}]}},"_links":{"self":[{"href":"http:\/\/www.sindipetroba.org.br\/2019\/wp-json\/wp\/v2\/posts\/15536","targetHints":{"allow":["GET"]}}],"collection":[{"href":"http:\/\/www.sindipetroba.org.br\/2019\/wp-json\/wp\/v2\/posts"}],"about":[{"href":"http:\/\/www.sindipetroba.org.br\/2019\/wp-json\/wp\/v2\/types\/post"}],"author":[{"embeddable":true,"href":"http:\/\/www.sindipetroba.org.br\/2019\/wp-json\/wp\/v2\/users\/4"}],"replies":[{"embeddable":true,"href":"http:\/\/www.sindipetroba.org.br\/2019\/wp-json\/wp\/v2\/comments?post=15536"}],"version-history":[{"count":3,"href":"http:\/\/www.sindipetroba.org.br\/2019\/wp-json\/wp\/v2\/posts\/15536\/revisions"}],"predecessor-version":[{"id":15540,"href":"http:\/\/www.sindipetroba.org.br\/2019\/wp-json\/wp\/v2\/posts\/15536\/revisions\/15540"}],"wp:featuredmedia":[{"embeddable":true,"href":"http:\/\/www.sindipetroba.org.br\/2019\/wp-json\/wp\/v2\/media\/15537"}],"wp:attachment":[{"href":"http:\/\/www.sindipetroba.org.br\/2019\/wp-json\/wp\/v2\/media?parent=15536"}],"wp:term":[{"taxonomy":"category","embeddable":true,"href":"http:\/\/www.sindipetroba.org.br\/2019\/wp-json\/wp\/v2\/categories?post=15536"},{"taxonomy":"post_tag","embeddable":true,"href":"http:\/\/www.sindipetroba.org.br\/2019\/wp-json\/wp\/v2\/tags?post=15536"}],"curies":[{"name":"wp","href":"https:\/\/api.w.org\/{rel}","templated":true}]}}