{"id":1853,"date":"2019-05-29T10:55:40","date_gmt":"2019-05-29T13:55:40","guid":{"rendered":"http:\/\/www.sindipetroba.org.br\/2019\/?p=1853"},"modified":"2019-05-29T11:17:47","modified_gmt":"2019-05-29T14:17:47","slug":"sindipetro-convoca-a-categoria-para-participar-de-ato-em-defesa-da-educacao-dia-30-05-quinta-feira-com-concentracao-as-9h-no-campo-grande1","status":"publish","type":"post","link":"http:\/\/www.sindipetroba.org.br\/2019\/sindipetro-convoca-a-categoria-para-participar-de-ato-em-defesa-da-educacao-dia-30-05-quinta-feira-com-concentracao-as-9h-no-campo-grande1\/","title":{"rendered":"Sindipetro convoca a categoria para participar de ato em defesa da educa\u00e7\u00e3o; dia 30\/05, quinta-feira, com concentra\u00e7\u00e3o \u00e0s 9h, no Campo Grande"},"content":{"rendered":"<h6><em><strong>Percentual retido passa de 50% das verbas n\u00e3o obrigat\u00f3rias em algumas universidades<\/strong><\/em><\/h6>\n<p>&nbsp;<\/p>\n<p>Na pr\u00f3xima quinta-feira, 30 de maio, no Campo Grande, os estudantes v\u00e3o realizar mais um ato em defesa da educa\u00e7\u00e3o e contra os cortes no or\u00e7amento das universidades p\u00fablicas e institutos federais. A concentra\u00e7\u00e3o para o ato ser\u00e1 \u00e0s 9h.<\/p>\n<p>Os petroleiros, que est\u00e3o sendo perseguidos pela atual dire\u00e7\u00e3o da Petrobr\u00e1s, que vem descumprindo v\u00e1rias cl\u00e1usulas do Acordo Coletivo de Trabalho e tentando retirar direitos hist\u00f3ricos da categoria, v\u00e3o para as ruas no dia 30 de maio em apoio aos estudantes por entender a import\u00e2ncia da educa\u00e7\u00e3o para o desenvolvimento social, econ\u00f4mico e cultural do pa\u00eds.<\/p>\n<p>\u201cO petr\u00f3leo pode garantir a nossa soberania, mas sem uma educa\u00e7\u00e3o p\u00fablica, de qualidade e inclusiva, o Brasil n\u00e3o vai a lugar algum\u201d, afirma o coordenador do Sindipetro Bahia, Jairo Batista.<\/p>\n<p>Diante da import\u00e2ncia do assunto, a diretoria do Sindipetro Bahia convoca todos os petroleiros e petroleiras que estiverem de folga e os aposentados e pensionistas para participar da manifesta\u00e7\u00e3o em defesa da educa\u00e7\u00e3o e contra os cortes nos or\u00e7amentos das universidades e institutos federais.<\/p>\n<p>Vistam o seus jalecos laranja e chamem os seus amigos e familiares para participar dessa luta, que no caso dos petroleiros, come\u00e7ara cedo, \u00e0s 8h, na sede do Sindipetro, onde a categoria participar\u00e1 de um caf\u00e9 coletivo e solid\u00e1rio, para, em seguida, se dirigir ao ato que deve reunir milhares de pessoas.<\/p>\n<p>Vamos mostrar \u00e0 sociedade que a categoria petroleira se importa e defende o futuro do Brasil, que passa pelas universidades p\u00fablicas e pelo incentivo \u00e0s pesquisas cient\u00edficas.<\/p>\n<p>Percentual retido passa de 50% das verbas n\u00e3o obrigat\u00f3rias em algumas universidades<\/p>\n<p>No dia 16\/05, a Associa\u00e7\u00e3o Nacional dos Dirigentes das Institui\u00e7\u00f5es Federais de Ensino Superior (Amdifes), que representa os reitores das universidades federais do pa\u00eds, divulgou um painel explicando como se deram os cortes nas universidades. De acordo com o levantamento o percentual retido ultrapassa 50% das verbas n\u00e3o obrigat\u00f3rias em algumas universidades.<\/p>\n<p>Veja abaixo os cortes nas universidades, por regi\u00e3o. As informa\u00e7\u00f5es foram dadas pela associa\u00e7\u00e3o de reitores das universidades federais.<\/p>\n<p><strong>Cortes por regi\u00e3o<\/strong><\/p>\n<p>A regi\u00e3o na qual as universidades mais sofreram cortes foi a Norte (33,11%), seguida pelo Centro-Oeste (32,01%), Nordeste (31,52%), Sul (27,62%) e Sudeste (27,59%). Confira abaixo os or\u00e7amentos, valores bloqueados e cortes por regi\u00e3o:<\/p>\n<p><strong>Norte<\/strong><br \/>\n\u2022 Or\u00e7amento: 763,03 milh\u00f5es<br \/>\n\u2022 Valor cortado: 252,60 milh\u00f5es<br \/>\n\u2022 Corte: 33,11%<\/p>\n<p><strong>Centro-Oeste<\/strong><br \/>\n\u2022 Or\u00e7amento: 763,22 milh\u00f5es<br \/>\n\u2022 Valor cortado: 244,28 milh\u00f5es<br \/>\n\u2022 Corte: 32,01%<\/p>\n<p><strong>Nordeste<\/strong><br \/>\n\u2022 Or\u00e7amento: 1,88 bilh\u00f5es<br \/>\n\u2022 Valor cortado: 592,05 milh\u00f5es<br \/>\n\u2022 Corte: 31,52%<\/p>\n<p><strong>Sul<\/strong><br \/>\n\u2022 Or\u00e7amento: 1,27 bilh\u00f5es<br \/>\n\u2022 Valor cortado: 349,75 milh\u00f5es<br \/>\n\u2022 Corte: 27,62%<\/p>\n<p><strong>Sudeste<\/strong><br \/>\n\u2022 Or\u00e7amento: 2,32 bilh\u00f5es<br \/>\n\u2022 Valor cortado: 638,68 milh\u00f5es<br \/>\n\u2022 Corte: 27,59% &#8211; Fonte (https:\/\/glo.bo\/2Hn2khx)<\/p>\n","protected":false},"excerpt":{"rendered":"Percentual retido passa de 50% das verbas n\u00e3o obrigat\u00f3rias em algumas universidades &nbsp; Na pr\u00f3xima quinta-feira, 30 de maio, no Campo Grande, os estudantes v\u00e3o realizar mais um ato em defesa da educa\u00e7\u00e3o e contra os cortes no or\u00e7amento das universidades p\u00fablicas e institutos federais. A concentra\u00e7\u00e3o para o ato ser\u00e1 \u00e0s 9h. Os petroleiros,&#8230; <a class=\"view-article\" href=\"http:\/\/www.sindipetroba.org.br\/2019\/sindipetro-convoca-a-categoria-para-participar-de-ato-em-defesa-da-educacao-dia-30-05-quinta-feira-com-concentracao-as-9h-no-campo-grande1\/\">Ver artigo<\/a>","protected":false},"author":1,"featured_media":1857,"comment_status":"closed","ping_status":"open","sticky":false,"template":"","format":"standard","meta":{"_et_pb_use_builder":"","_et_pb_old_content":"","_et_gb_content_width":"","footnotes":""},"categories":[1],"tags":[114,46],"class_list":["post-1853","post","type-post","status-publish","format-standard","has-post-thumbnail","hentry","category-noticia","tag-ato-em-defesa-da-educacao","tag-sindipetro"],"yoast_head":"<!-- This site is optimized with the Yoast SEO plugin v27.3 - https:\/\/yoast.com\/product\/yoast-seo-wordpress\/ -->\n<title>Sindipetro convoca a categoria para participar de ato em defesa da educa\u00e7\u00e3o; dia 30\/05, quinta-feira, com concentra\u00e7\u00e3o \u00e0s 9h, no Campo Grande - Sindipetro BA<\/title>\n<meta name=\"robots\" content=\"index, follow, max-snippet:-1, max-image-preview:large, max-video-preview:-1\" \/>\n<link rel=\"canonical\" href=\"http:\/\/www.sindipetroba.org.br\/2019\/sindipetro-convoca-a-categoria-para-participar-de-ato-em-defesa-da-educacao-dia-30-05-quinta-feira-com-concentracao-as-9h-no-campo-grande1\/\" \/>\n<meta property=\"og:locale\" content=\"pt_BR\" \/>\n<meta property=\"og:type\" content=\"article\" \/>\n<meta property=\"og:title\" content=\"Sindipetro convoca a categoria para participar de ato em defesa da educa\u00e7\u00e3o; dia 30\/05, quinta-feira, com concentra\u00e7\u00e3o \u00e0s 9h, no Campo Grande - Sindipetro BA\" \/>\n<meta property=\"og:description\" content=\"Percentual retido passa de 50% das verbas n\u00e3o obrigat\u00f3rias em algumas universidades &nbsp; Na pr\u00f3xima quinta-feira, 30 de maio, no Campo Grande, os estudantes v\u00e3o realizar mais um ato em defesa da educa\u00e7\u00e3o e contra os cortes no or\u00e7amento das universidades p\u00fablicas e institutos federais. A concentra\u00e7\u00e3o para o ato ser\u00e1 \u00e0s 9h. Os petroleiros,... Ver artigo\" \/>\n<meta property=\"og:url\" content=\"http:\/\/www.sindipetroba.org.br\/2019\/sindipetro-convoca-a-categoria-para-participar-de-ato-em-defesa-da-educacao-dia-30-05-quinta-feira-com-concentracao-as-9h-no-campo-grande1\/\" \/>\n<meta property=\"og:site_name\" content=\"Sindipetro BA\" \/>\n<meta property=\"article:publisher\" content=\"https:\/\/www.facebook.com\/sindipetroBa\/\" \/>\n<meta property=\"article:published_time\" content=\"2019-05-29T13:55:40+00:00\" \/>\n<meta property=\"article:modified_time\" content=\"2019-05-29T14:17:47+00:00\" \/>\n<meta property=\"og:image\" content=\"http:\/\/www.sindipetroba.org.br\/2019\/wp-content\/uploads\/2019\/05\/ok-6.jpg\" \/>\n\t<meta property=\"og:image:width\" content=\"750\" \/>\n\t<meta property=\"og:image:height\" content=\"750\" \/>\n\t<meta property=\"og:image:type\" content=\"image\/jpeg\" \/>\n<meta name=\"author\" content=\"admsp\" \/>\n<meta name=\"twitter:card\" content=\"summary_large_image\" \/>\n<meta name=\"twitter:creator\" content=\"@SindipetroBahia\" \/>\n<meta name=\"twitter:site\" content=\"@SindipetroBahia\" \/>\n<meta name=\"twitter:label1\" content=\"Escrito por\" \/>\n\t<meta name=\"twitter:data1\" content=\"admsp\" \/>\n\t<meta name=\"twitter:label2\" content=\"Est. tempo de leitura\" \/>\n\t<meta name=\"twitter:data2\" content=\"2 minutos\" \/>\n<script type=\"application\/ld+json\" class=\"yoast-schema-graph\">{\"@context\":\"https:\\\/\\\/schema.org\",\"@graph\":[{\"@type\":\"Article\",\"@id\":\"http:\\\/\\\/www.sindipetroba.org.br\\\/2019\\\/sindipetro-convoca-a-categoria-para-participar-de-ato-em-defesa-da-educacao-dia-30-05-quinta-feira-com-concentracao-as-9h-no-campo-grande1\\\/#article\",\"isPartOf\":{\"@id\":\"http:\\\/\\\/www.sindipetroba.org.br\\\/2019\\\/sindipetro-convoca-a-categoria-para-participar-de-ato-em-defesa-da-educacao-dia-30-05-quinta-feira-com-concentracao-as-9h-no-campo-grande1\\\/\"},\"author\":{\"name\":\"admsp\",\"@id\":\"http:\\\/\\\/www.sindipetroba.org.br\\\/2019\\\/#\\\/schema\\\/person\\\/e61228ef9f981537d4c4eb80f6ea7713\"},\"headline\":\"Sindipetro convoca a categoria para participar de ato em defesa da educa\u00e7\u00e3o; dia 30\\\/05, quinta-feira, com concentra\u00e7\u00e3o \u00e0s 9h, no Campo Grande\",\"datePublished\":\"2019-05-29T13:55:40+00:00\",\"dateModified\":\"2019-05-29T14:17:47+00:00\",\"mainEntityOfPage\":{\"@id\":\"http:\\\/\\\/www.sindipetroba.org.br\\\/2019\\\/sindipetro-convoca-a-categoria-para-participar-de-ato-em-defesa-da-educacao-dia-30-05-quinta-feira-com-concentracao-as-9h-no-campo-grande1\\\/\"},\"wordCount\":496,\"publisher\":{\"@id\":\"http:\\\/\\\/www.sindipetroba.org.br\\\/2019\\\/#organization\"},\"image\":{\"@id\":\"http:\\\/\\\/www.sindipetroba.org.br\\\/2019\\\/sindipetro-convoca-a-categoria-para-participar-de-ato-em-defesa-da-educacao-dia-30-05-quinta-feira-com-concentracao-as-9h-no-campo-grande1\\\/#primaryimage\"},\"thumbnailUrl\":\"http:\\\/\\\/www.sindipetroba.org.br\\\/2019\\\/wp-content\\\/uploads\\\/2019\\\/05\\\/ok-6.jpg\",\"keywords\":[\"ato em defesa da educa\u00e7\u00e3o\",\"sindipetro\"],\"articleSection\":[\"Not\u00edcia\"],\"inLanguage\":\"pt-BR\"},{\"@type\":\"WebPage\",\"@id\":\"http:\\\/\\\/www.sindipetroba.org.br\\\/2019\\\/sindipetro-convoca-a-categoria-para-participar-de-ato-em-defesa-da-educacao-dia-30-05-quinta-feira-com-concentracao-as-9h-no-campo-grande1\\\/\",\"url\":\"http:\\\/\\\/www.sindipetroba.org.br\\\/2019\\\/sindipetro-convoca-a-categoria-para-participar-de-ato-em-defesa-da-educacao-dia-30-05-quinta-feira-com-concentracao-as-9h-no-campo-grande1\\\/\",\"name\":\"Sindipetro convoca a categoria para participar de ato em defesa da educa\u00e7\u00e3o; dia 30\\\/05, quinta-feira, com concentra\u00e7\u00e3o \u00e0s 9h, no Campo Grande - Sindipetro BA\",\"isPartOf\":{\"@id\":\"http:\\\/\\\/www.sindipetroba.org.br\\\/2019\\\/#website\"},\"primaryImageOfPage\":{\"@id\":\"http:\\\/\\\/www.sindipetroba.org.br\\\/2019\\\/sindipetro-convoca-a-categoria-para-participar-de-ato-em-defesa-da-educacao-dia-30-05-quinta-feira-com-concentracao-as-9h-no-campo-grande1\\\/#primaryimage\"},\"image\":{\"@id\":\"http:\\\/\\\/www.sindipetroba.org.br\\\/2019\\\/sindipetro-convoca-a-categoria-para-participar-de-ato-em-defesa-da-educacao-dia-30-05-quinta-feira-com-concentracao-as-9h-no-campo-grande1\\\/#primaryimage\"},\"thumbnailUrl\":\"http:\\\/\\\/www.sindipetroba.org.br\\\/2019\\\/wp-content\\\/uploads\\\/2019\\\/05\\\/ok-6.jpg\",\"datePublished\":\"2019-05-29T13:55:40+00:00\",\"dateModified\":\"2019-05-29T14:17:47+00:00\",\"breadcrumb\":{\"@id\":\"http:\\\/\\\/www.sindipetroba.org.br\\\/2019\\\/sindipetro-convoca-a-categoria-para-participar-de-ato-em-defesa-da-educacao-dia-30-05-quinta-feira-com-concentracao-as-9h-no-campo-grande1\\\/#breadcrumb\"},\"inLanguage\":\"pt-BR\",\"potentialAction\":[{\"@type\":\"ReadAction\",\"target\":[\"http:\\\/\\\/www.sindipetroba.org.br\\\/2019\\\/sindipetro-convoca-a-categoria-para-participar-de-ato-em-defesa-da-educacao-dia-30-05-quinta-feira-com-concentracao-as-9h-no-campo-grande1\\\/\"]}]},{\"@type\":\"ImageObject\",\"inLanguage\":\"pt-BR\",\"@id\":\"http:\\\/\\\/www.sindipetroba.org.br\\\/2019\\\/sindipetro-convoca-a-categoria-para-participar-de-ato-em-defesa-da-educacao-dia-30-05-quinta-feira-com-concentracao-as-9h-no-campo-grande1\\\/#primaryimage\",\"url\":\"http:\\\/\\\/www.sindipetroba.org.br\\\/2019\\\/wp-content\\\/uploads\\\/2019\\\/05\\\/ok-6.jpg\",\"contentUrl\":\"http:\\\/\\\/www.sindipetroba.org.br\\\/2019\\\/wp-content\\\/uploads\\\/2019\\\/05\\\/ok-6.jpg\",\"width\":750,\"height\":750},{\"@type\":\"BreadcrumbList\",\"@id\":\"http:\\\/\\\/www.sindipetroba.org.br\\\/2019\\\/sindipetro-convoca-a-categoria-para-participar-de-ato-em-defesa-da-educacao-dia-30-05-quinta-feira-com-concentracao-as-9h-no-campo-grande1\\\/#breadcrumb\",\"itemListElement\":[{\"@type\":\"ListItem\",\"position\":1,\"name\":\"In\u00edcio\",\"item\":\"http:\\\/\\\/www.sindipetroba.org.br\\\/2019\\\/\"},{\"@type\":\"ListItem\",\"position\":2,\"name\":\"Sindipetro convoca a categoria para participar de ato em defesa da educa\u00e7\u00e3o; dia 30\\\/05, quinta-feira, com concentra\u00e7\u00e3o \u00e0s 9h, no Campo Grande\"}]},{\"@type\":\"WebSite\",\"@id\":\"http:\\\/\\\/www.sindipetroba.org.br\\\/2019\\\/#website\",\"url\":\"http:\\\/\\\/www.sindipetroba.org.br\\\/2019\\\/\",\"name\":\"Sindipetro BA\",\"description\":\"Sindicato dos Petroleiros e Petroleiras do Estado da Bahia\",\"publisher\":{\"@id\":\"http:\\\/\\\/www.sindipetroba.org.br\\\/2019\\\/#organization\"},\"potentialAction\":[{\"@type\":\"SearchAction\",\"target\":{\"@type\":\"EntryPoint\",\"urlTemplate\":\"http:\\\/\\\/www.sindipetroba.org.br\\\/2019\\\/?s={search_term_string}\"},\"query-input\":{\"@type\":\"PropertyValueSpecification\",\"valueRequired\":true,\"valueName\":\"search_term_string\"}}],\"inLanguage\":\"pt-BR\"},{\"@type\":\"Organization\",\"@id\":\"http:\\\/\\\/www.sindipetroba.org.br\\\/2019\\\/#organization\",\"name\":\"Sindipetro BA\",\"url\":\"http:\\\/\\\/www.sindipetroba.org.br\\\/2019\\\/\",\"logo\":{\"@type\":\"ImageObject\",\"inLanguage\":\"pt-BR\",\"@id\":\"http:\\\/\\\/www.sindipetroba.org.br\\\/2019\\\/#\\\/schema\\\/logo\\\/image\\\/\",\"url\":\"http:\\\/\\\/www.sindipetroba.org.br\\\/2019\\\/wp-content\\\/uploads\\\/2019\\\/01\\\/sindipetro-marca-cor.png\",\"contentUrl\":\"http:\\\/\\\/www.sindipetroba.org.br\\\/2019\\\/wp-content\\\/uploads\\\/2019\\\/01\\\/sindipetro-marca-cor.png\",\"width\":350,\"height\":126,\"caption\":\"Sindipetro BA\"},\"image\":{\"@id\":\"http:\\\/\\\/www.sindipetroba.org.br\\\/2019\\\/#\\\/schema\\\/logo\\\/image\\\/\"},\"sameAs\":[\"https:\\\/\\\/www.facebook.com\\\/sindipetroBa\\\/\",\"https:\\\/\\\/x.com\\\/SindipetroBahia\",\"https:\\\/\\\/www.instagram.com\\\/sindipetroba\\\/\",\"https:\\\/\\\/www.youtube.com\\\/c\\\/SindipetroBahiaOficial\"]},{\"@type\":\"Person\",\"@id\":\"http:\\\/\\\/www.sindipetroba.org.br\\\/2019\\\/#\\\/schema\\\/person\\\/e61228ef9f981537d4c4eb80f6ea7713\",\"name\":\"admsp\",\"image\":{\"@type\":\"ImageObject\",\"inLanguage\":\"pt-BR\",\"@id\":\"https:\\\/\\\/secure.gravatar.com\\\/avatar\\\/50f06e2b746fe9248099d2c61c12342ab36327e9d413e3171dd7033b84800d96?s=96&d=mm&r=g\",\"url\":\"https:\\\/\\\/secure.gravatar.com\\\/avatar\\\/50f06e2b746fe9248099d2c61c12342ab36327e9d413e3171dd7033b84800d96?s=96&d=mm&r=g\",\"contentUrl\":\"https:\\\/\\\/secure.gravatar.com\\\/avatar\\\/50f06e2b746fe9248099d2c61c12342ab36327e9d413e3171dd7033b84800d96?s=96&d=mm&r=g\",\"caption\":\"admsp\"}}]}<\/script>\n<!-- \/ Yoast SEO plugin. -->","yoast_head_json":{"title":"Sindipetro convoca a categoria para participar de ato em defesa da educa\u00e7\u00e3o; dia 30\/05, quinta-feira, com concentra\u00e7\u00e3o \u00e0s 9h, no Campo Grande - Sindipetro BA","robots":{"index":"index","follow":"follow","max-snippet":"max-snippet:-1","max-image-preview":"max-image-preview:large","max-video-preview":"max-video-preview:-1"},"canonical":"http:\/\/www.sindipetroba.org.br\/2019\/sindipetro-convoca-a-categoria-para-participar-de-ato-em-defesa-da-educacao-dia-30-05-quinta-feira-com-concentracao-as-9h-no-campo-grande1\/","og_locale":"pt_BR","og_type":"article","og_title":"Sindipetro convoca a categoria para participar de ato em defesa da educa\u00e7\u00e3o; dia 30\/05, quinta-feira, com concentra\u00e7\u00e3o \u00e0s 9h, no Campo Grande - Sindipetro BA","og_description":"Percentual retido passa de 50% das verbas n\u00e3o obrigat\u00f3rias em algumas universidades &nbsp; Na pr\u00f3xima quinta-feira, 30 de maio, no Campo Grande, os estudantes v\u00e3o realizar mais um ato em defesa da educa\u00e7\u00e3o e contra os cortes no or\u00e7amento das universidades p\u00fablicas e institutos federais. A concentra\u00e7\u00e3o para o ato ser\u00e1 \u00e0s 9h. Os petroleiros,... Ver artigo","og_url":"http:\/\/www.sindipetroba.org.br\/2019\/sindipetro-convoca-a-categoria-para-participar-de-ato-em-defesa-da-educacao-dia-30-05-quinta-feira-com-concentracao-as-9h-no-campo-grande1\/","og_site_name":"Sindipetro BA","article_publisher":"https:\/\/www.facebook.com\/sindipetroBa\/","article_published_time":"2019-05-29T13:55:40+00:00","article_modified_time":"2019-05-29T14:17:47+00:00","og_image":[{"width":750,"height":750,"url":"http:\/\/www.sindipetroba.org.br\/2019\/wp-content\/uploads\/2019\/05\/ok-6.jpg","type":"image\/jpeg"}],"author":"admsp","twitter_card":"summary_large_image","twitter_creator":"@SindipetroBahia","twitter_site":"@SindipetroBahia","twitter_misc":{"Escrito por":"admsp","Est. tempo de leitura":"2 minutos"},"schema":{"@context":"https:\/\/schema.org","@graph":[{"@type":"Article","@id":"http:\/\/www.sindipetroba.org.br\/2019\/sindipetro-convoca-a-categoria-para-participar-de-ato-em-defesa-da-educacao-dia-30-05-quinta-feira-com-concentracao-as-9h-no-campo-grande1\/#article","isPartOf":{"@id":"http:\/\/www.sindipetroba.org.br\/2019\/sindipetro-convoca-a-categoria-para-participar-de-ato-em-defesa-da-educacao-dia-30-05-quinta-feira-com-concentracao-as-9h-no-campo-grande1\/"},"author":{"name":"admsp","@id":"http:\/\/www.sindipetroba.org.br\/2019\/#\/schema\/person\/e61228ef9f981537d4c4eb80f6ea7713"},"headline":"Sindipetro convoca a categoria para participar de ato em defesa da educa\u00e7\u00e3o; dia 30\/05, quinta-feira, com concentra\u00e7\u00e3o \u00e0s 9h, no Campo Grande","datePublished":"2019-05-29T13:55:40+00:00","dateModified":"2019-05-29T14:17:47+00:00","mainEntityOfPage":{"@id":"http:\/\/www.sindipetroba.org.br\/2019\/sindipetro-convoca-a-categoria-para-participar-de-ato-em-defesa-da-educacao-dia-30-05-quinta-feira-com-concentracao-as-9h-no-campo-grande1\/"},"wordCount":496,"publisher":{"@id":"http:\/\/www.sindipetroba.org.br\/2019\/#organization"},"image":{"@id":"http:\/\/www.sindipetroba.org.br\/2019\/sindipetro-convoca-a-categoria-para-participar-de-ato-em-defesa-da-educacao-dia-30-05-quinta-feira-com-concentracao-as-9h-no-campo-grande1\/#primaryimage"},"thumbnailUrl":"http:\/\/www.sindipetroba.org.br\/2019\/wp-content\/uploads\/2019\/05\/ok-6.jpg","keywords":["ato em defesa da educa\u00e7\u00e3o","sindipetro"],"articleSection":["Not\u00edcia"],"inLanguage":"pt-BR"},{"@type":"WebPage","@id":"http:\/\/www.sindipetroba.org.br\/2019\/sindipetro-convoca-a-categoria-para-participar-de-ato-em-defesa-da-educacao-dia-30-05-quinta-feira-com-concentracao-as-9h-no-campo-grande1\/","url":"http:\/\/www.sindipetroba.org.br\/2019\/sindipetro-convoca-a-categoria-para-participar-de-ato-em-defesa-da-educacao-dia-30-05-quinta-feira-com-concentracao-as-9h-no-campo-grande1\/","name":"Sindipetro convoca a categoria para participar de ato em defesa da educa\u00e7\u00e3o; dia 30\/05, quinta-feira, com concentra\u00e7\u00e3o \u00e0s 9h, no Campo Grande - Sindipetro BA","isPartOf":{"@id":"http:\/\/www.sindipetroba.org.br\/2019\/#website"},"primaryImageOfPage":{"@id":"http:\/\/www.sindipetroba.org.br\/2019\/sindipetro-convoca-a-categoria-para-participar-de-ato-em-defesa-da-educacao-dia-30-05-quinta-feira-com-concentracao-as-9h-no-campo-grande1\/#primaryimage"},"image":{"@id":"http:\/\/www.sindipetroba.org.br\/2019\/sindipetro-convoca-a-categoria-para-participar-de-ato-em-defesa-da-educacao-dia-30-05-quinta-feira-com-concentracao-as-9h-no-campo-grande1\/#primaryimage"},"thumbnailUrl":"http:\/\/www.sindipetroba.org.br\/2019\/wp-content\/uploads\/2019\/05\/ok-6.jpg","datePublished":"2019-05-29T13:55:40+00:00","dateModified":"2019-05-29T14:17:47+00:00","breadcrumb":{"@id":"http:\/\/www.sindipetroba.org.br\/2019\/sindipetro-convoca-a-categoria-para-participar-de-ato-em-defesa-da-educacao-dia-30-05-quinta-feira-com-concentracao-as-9h-no-campo-grande1\/#breadcrumb"},"inLanguage":"pt-BR","potentialAction":[{"@type":"ReadAction","target":["http:\/\/www.sindipetroba.org.br\/2019\/sindipetro-convoca-a-categoria-para-participar-de-ato-em-defesa-da-educacao-dia-30-05-quinta-feira-com-concentracao-as-9h-no-campo-grande1\/"]}]},{"@type":"ImageObject","inLanguage":"pt-BR","@id":"http:\/\/www.sindipetroba.org.br\/2019\/sindipetro-convoca-a-categoria-para-participar-de-ato-em-defesa-da-educacao-dia-30-05-quinta-feira-com-concentracao-as-9h-no-campo-grande1\/#primaryimage","url":"http:\/\/www.sindipetroba.org.br\/2019\/wp-content\/uploads\/2019\/05\/ok-6.jpg","contentUrl":"http:\/\/www.sindipetroba.org.br\/2019\/wp-content\/uploads\/2019\/05\/ok-6.jpg","width":750,"height":750},{"@type":"BreadcrumbList","@id":"http:\/\/www.sindipetroba.org.br\/2019\/sindipetro-convoca-a-categoria-para-participar-de-ato-em-defesa-da-educacao-dia-30-05-quinta-feira-com-concentracao-as-9h-no-campo-grande1\/#breadcrumb","itemListElement":[{"@type":"ListItem","position":1,"name":"In\u00edcio","item":"http:\/\/www.sindipetroba.org.br\/2019\/"},{"@type":"ListItem","position":2,"name":"Sindipetro convoca a categoria para participar de ato em defesa da educa\u00e7\u00e3o; dia 30\/05, quinta-feira, com concentra\u00e7\u00e3o \u00e0s 9h, no Campo Grande"}]},{"@type":"WebSite","@id":"http:\/\/www.sindipetroba.org.br\/2019\/#website","url":"http:\/\/www.sindipetroba.org.br\/2019\/","name":"Sindipetro BA","description":"Sindicato dos Petroleiros e Petroleiras do Estado da Bahia","publisher":{"@id":"http:\/\/www.sindipetroba.org.br\/2019\/#organization"},"potentialAction":[{"@type":"SearchAction","target":{"@type":"EntryPoint","urlTemplate":"http:\/\/www.sindipetroba.org.br\/2019\/?s={search_term_string}"},"query-input":{"@type":"PropertyValueSpecification","valueRequired":true,"valueName":"search_term_string"}}],"inLanguage":"pt-BR"},{"@type":"Organization","@id":"http:\/\/www.sindipetroba.org.br\/2019\/#organization","name":"Sindipetro BA","url":"http:\/\/www.sindipetroba.org.br\/2019\/","logo":{"@type":"ImageObject","inLanguage":"pt-BR","@id":"http:\/\/www.sindipetroba.org.br\/2019\/#\/schema\/logo\/image\/","url":"http:\/\/www.sindipetroba.org.br\/2019\/wp-content\/uploads\/2019\/01\/sindipetro-marca-cor.png","contentUrl":"http:\/\/www.sindipetroba.org.br\/2019\/wp-content\/uploads\/2019\/01\/sindipetro-marca-cor.png","width":350,"height":126,"caption":"Sindipetro BA"},"image":{"@id":"http:\/\/www.sindipetroba.org.br\/2019\/#\/schema\/logo\/image\/"},"sameAs":["https:\/\/www.facebook.com\/sindipetroBa\/","https:\/\/x.com\/SindipetroBahia","https:\/\/www.instagram.com\/sindipetroba\/","https:\/\/www.youtube.com\/c\/SindipetroBahiaOficial"]},{"@type":"Person","@id":"http:\/\/www.sindipetroba.org.br\/2019\/#\/schema\/person\/e61228ef9f981537d4c4eb80f6ea7713","name":"admsp","image":{"@type":"ImageObject","inLanguage":"pt-BR","@id":"https:\/\/secure.gravatar.com\/avatar\/50f06e2b746fe9248099d2c61c12342ab36327e9d413e3171dd7033b84800d96?s=96&d=mm&r=g","url":"https:\/\/secure.gravatar.com\/avatar\/50f06e2b746fe9248099d2c61c12342ab36327e9d413e3171dd7033b84800d96?s=96&d=mm&r=g","contentUrl":"https:\/\/secure.gravatar.com\/avatar\/50f06e2b746fe9248099d2c61c12342ab36327e9d413e3171dd7033b84800d96?s=96&d=mm&r=g","caption":"admsp"}}]}},"_links":{"self":[{"href":"http:\/\/www.sindipetroba.org.br\/2019\/wp-json\/wp\/v2\/posts\/1853","targetHints":{"allow":["GET"]}}],"collection":[{"href":"http:\/\/www.sindipetroba.org.br\/2019\/wp-json\/wp\/v2\/posts"}],"about":[{"href":"http:\/\/www.sindipetroba.org.br\/2019\/wp-json\/wp\/v2\/types\/post"}],"author":[{"embeddable":true,"href":"http:\/\/www.sindipetroba.org.br\/2019\/wp-json\/wp\/v2\/users\/1"}],"replies":[{"embeddable":true,"href":"http:\/\/www.sindipetroba.org.br\/2019\/wp-json\/wp\/v2\/comments?post=1853"}],"version-history":[{"count":2,"href":"http:\/\/www.sindipetroba.org.br\/2019\/wp-json\/wp\/v2\/posts\/1853\/revisions"}],"predecessor-version":[{"id":1861,"href":"http:\/\/www.sindipetroba.org.br\/2019\/wp-json\/wp\/v2\/posts\/1853\/revisions\/1861"}],"wp:featuredmedia":[{"embeddable":true,"href":"http:\/\/www.sindipetroba.org.br\/2019\/wp-json\/wp\/v2\/media\/1857"}],"wp:attachment":[{"href":"http:\/\/www.sindipetroba.org.br\/2019\/wp-json\/wp\/v2\/media?parent=1853"}],"wp:term":[{"taxonomy":"category","embeddable":true,"href":"http:\/\/www.sindipetroba.org.br\/2019\/wp-json\/wp\/v2\/categories?post=1853"},{"taxonomy":"post_tag","embeddable":true,"href":"http:\/\/www.sindipetroba.org.br\/2019\/wp-json\/wp\/v2\/tags?post=1853"}],"curies":[{"name":"wp","href":"https:\/\/api.w.org\/{rel}","templated":true}]}}