{"id":24524,"date":"2024-05-23T09:44:52","date_gmt":"2024-05-23T12:44:52","guid":{"rendered":"http:\/\/www.sindipetroba.org.br\/2019\/?p=24524"},"modified":"2024-05-23T09:45:48","modified_gmt":"2024-05-23T12:45:48","slug":"comissao-de-anistia-e-retomada-com-a-reintegracao-de-cinco-petroleiros","status":"publish","type":"post","link":"http:\/\/www.sindipetroba.org.br\/2019\/comissao-de-anistia-e-retomada-com-a-reintegracao-de-cinco-petroleiros\/","title":{"rendered":"Comiss\u00e3o de anistia \u00e9 retomada com a reintegra\u00e7\u00e3o de cinco petroleiros"},"content":{"rendered":"<div class=\"elementor-element elementor-element-22ff588 elementor-widget elementor-widget-theme-post-content\" data-id=\"22ff588\" data-element_type=\"widget\" data-widget_type=\"theme-post-content.default\">\n<div class=\"elementor-widget-container\">\n<p><strong>FUP segue na luta para trazer de volta ao Sistema Petrobr\u00e1s todos os petroleiros e petroleiras que foram arbitrariamente demitidos, seja por participa\u00e7\u00e3o em movimentos grevistas, por persegui\u00e7\u00f5es pol\u00edticas ou por processos de privatiza\u00e7\u00e3o<\/strong><\/p>\n<p><em>[Da imprensa da FUP]<\/em><\/p>\n<p>Ap\u00f3s intensa articula\u00e7\u00e3o da FUP junto ao governo e \u00e0 gest\u00e3o da Petrobr\u00e1s, mais cinco petroleiros anistiados pela Lei 8.8778\/94 est\u00e3o de volta ao Sistema Petrobr\u00e1s. A informa\u00e7\u00e3o foi confirmada pela empresa nesta quarta-feira, 22, durante a reuni\u00e3o da Comiss\u00e3o de Anistia. Os anistiados s\u00e3o ex-empregados da Petroflex, antiga subsidi\u00e1ria da Petrobr\u00e1s, que foi privatizada em 1992, quando todos os trabalhadores foram sumariamente demitidos.<\/p>\n<p>A retomada da Comiss\u00e3o de Anistia no Acordo Coletivo de Trabalho foi uma das conquistas da campanha reivindicat\u00f3ria e \u00e9 mais um importante f\u00f3rum de interlocu\u00e7\u00e3o na luta constante da FUP para trazer de volta ao Sistema Petrobr\u00e1s petroleiros e petroleiras que foram arbitrariamente demitidos, seja por participa\u00e7\u00e3o em movimentos grevistas, por persegui\u00e7\u00f5es pol\u00edticas ou por processos de privatiza\u00e7\u00e3o.<\/p>\n<p>Com car\u00e1ter de negocia\u00e7\u00e3o permanente ao longo da vig\u00eancia do ACT, a Comiss\u00e3o de Anistia tem como objetivo acompanhar e dar agilidade aos processos administrativos para readmiss\u00e3o dos anistiados contemplados pelas Leis 8.8778\/94, 10.559\/2002 e 10.790\/2003. Para a FUP, no entanto, o escopo da comiss\u00e3o precisa ser urgentemente ampliado, de forma a abranger tamb\u00e9m os casos de demiss\u00f5es e puni\u00e7\u00f5es ocorridas nos governos Temer e Bolsonaro, decorrentes de persegui\u00e7\u00f5es pol\u00edticas, participa\u00e7\u00e3o em greves, pr\u00e1ticas antissindicais e privatiza\u00e7\u00f5es.<\/p>\n<p>Os dirigentes sindicais lembraram que o GT da Anistia, que antecedeu a Comiss\u00e3o, tinha por objetivo tratar dos casos de demiss\u00f5es e puni\u00e7\u00f5es do governo passado. Eles tamb\u00e9m ressaltaram que a maioria das medidas arbitr\u00e1rias levadas a cabo ap\u00f3s a greve de fevereiro de 2020 teve car\u00e1ter essencialmente pol\u00edtico. Um dos instrumentos utilizados pela empresa para justificar a persegui\u00e7\u00e3o aos trabalhadores foi o C\u00f3digo de \u00c9tica, que est\u00e1 sendo reformulado pela nova gest\u00e3o, justamente para ter um car\u00e1ter muito mais educativo do que punitivo.<\/p>\n<p>Para a FUP, \u00e9, no m\u00ednimo, incoerente que demiss\u00f5es de car\u00e1ter nitidamente pol\u00edtico, como a do diretor do Sindipetro NF, Alessandro Trindade, ainda n\u00e3o tenham sido revertidas, assim como as puni\u00e7\u00f5es decorrentes da greve de 2020. S\u00f3 na Bacia de Campos, h\u00e1 pelo menos 16 processos de advert\u00eancia e suspens\u00e3o que precisam ser resolvidos, mas ainda esbarram em resist\u00eancias na empresa.<\/p>\n<p>\u201cEntendemos que a Comiss\u00e3o de Anistia \u00e9 o canal para avan\u00e7armos nesse debate e encontrarmos solu\u00e7\u00f5es de forma coletiva. Estamos diante de um novo ambiente de gest\u00e3o e vamos continuar pressionando e fazendo as nossas lutas para reparar os erros do passado e trazer de volta nossos companheiros. Essa \u00e9 tamb\u00e9m uma constru\u00e7\u00e3o coletiva, que passa por decis\u00f5es pol\u00edticas, pois sabemos que a venda de uma ativo \u00e9 decis\u00e3o pol\u00edtica, se isso significa demiss\u00e3o de trabalhadores, \u00e9 tamb\u00e9m uma decis\u00e3o pol\u00edtica\u201d, afirmou o diretor da FUP, Paulo Neves.<\/p>\n<p>Ao final da reuni\u00e3o, os representantes da Petrobr\u00e1s se comprometeram a levar para a diretoria da empresa a reivindica\u00e7\u00e3o da FUP de amplia\u00e7\u00e3o do escopo da Comiss\u00e3o de Anistia.<\/p>\n<div class=\"sbi-embed-wrap\"><iframe id=\"instagram-embed-0\" class=\"instagram-media sbi-embed instagram-media-rendered\" src=\"https:\/\/www.instagram.com\/reel\/C7STZSQPZSe\/embed\/captioned\/?cr=1&amp;v=14&amp;wp=640&amp;rd=https%3A%2F%2Ffup.org.br&amp;rp=%2Fcomissao-de-anistia-e-retomada-com-a-reintegracao-de-5-petroleiros%2F#%7B%22ci%22%3A0%2C%22os%22%3A16837%2C%22ls%22%3A7350%2C%22le%22%3A12082%7D\" height=\"798\" frameborder=\"0\" scrolling=\"no\" allowfullscreen=\"allowfullscreen\" data-instgrm-payload-id=\"instagram-media-payload-0\" data-mce-fragment=\"1\"><\/iframe><\/div>\n<h3>Uma luta hist\u00f3rica<\/h3>\n<p>A Comiss\u00e3o de Anistia do Sistema Petrobr\u00e1s foi conquistada pela FUP na campanha reivindicat\u00f3ria de 2002. Ao longo dos dois primeiros mandatos do governo Lula, entre 2003 e 2010, a Federa\u00e7\u00e3o participou ativamente de comiss\u00f5es interministeriais de anistia, al\u00e9m da comiss\u00e3o prevista no ACT, o que resultou no retorno aos quadros da estatal de <a href=\"https:\/\/fup.org.br\/anistiados-da-interbras-e-da-petromisa-aguardam-retorno-a-petrobras\/\">cerca de 1.400 trabalhadores anistiados<\/a> pelas Leis 8.8778\/94, 10.559\/2002 e 10.790\/2003.<\/p>\n<p>A maioria absoluta deles havia sido demitida no governo Collor, durante os processos de extin\u00e7\u00e3o e privatiza\u00e7\u00e3o de subsidi\u00e1rias que integravam o Sistema Petrobr\u00e1s, como a Petroflex, a Nitriflex, a Petromisa e a Interbr\u00e1s.<\/p>\n<p>A luta da FUP garantiu ainda a reintegra\u00e7\u00e3o de 88 petroleiros demitidos nas greves de 1994 e de 1995, bem como a anistia de 443 advert\u00eancias, 269 suspens\u00f5es e 750 puni\u00e7\u00f5es sofridas pela categoria, devido \u00e0 participa\u00e7\u00e3o nesses movimentos grevistas.<\/p>\n<\/div>\n<\/div>\n","protected":false},"excerpt":{"rendered":"FUP segue na luta para trazer de volta ao Sistema Petrobr\u00e1s todos os petroleiros e petroleiras que foram arbitrariamente demitidos, seja por participa\u00e7\u00e3o em movimentos grevistas, por persegui\u00e7\u00f5es pol\u00edticas ou por processos de privatiza\u00e7\u00e3o [Da imprensa da FUP] Ap\u00f3s intensa articula\u00e7\u00e3o da FUP junto ao governo e \u00e0 gest\u00e3o da Petrobr\u00e1s, mais cinco petroleiros anistiados&#8230; <a class=\"view-article\" href=\"http:\/\/www.sindipetroba.org.br\/2019\/comissao-de-anistia-e-retomada-com-a-reintegracao-de-cinco-petroleiros\/\">Ver artigo<\/a>","protected":false},"author":7,"featured_media":24525,"comment_status":"closed","ping_status":"open","sticky":false,"template":"","format":"standard","meta":{"_et_pb_use_builder":"","_et_pb_old_content":"","_et_gb_content_width":"","footnotes":""},"categories":[1],"tags":[2830,3176,3163,3177,3178,3179,3180],"class_list":["post-24524","post","type-post","status-publish","format-standard","has-post-thumbnail","hentry","category-noticia","tag-act-sistema-petrobras","tag-alessandro-trindade","tag-anistia","tag-comissao-de-anistia","tag-gt-anistia","tag-petroleiros-anistiados","tag-punicoes-petrobras"],"yoast_head":"<!-- This site is optimized with the Yoast SEO plugin v27.3 - https:\/\/yoast.com\/product\/yoast-seo-wordpress\/ -->\n<title>Comiss\u00e3o de anistia \u00e9 retomada com a reintegra\u00e7\u00e3o de cinco petroleiros - Sindipetro BA<\/title>\n<meta name=\"robots\" content=\"index, follow, max-snippet:-1, max-image-preview:large, max-video-preview:-1\" \/>\n<link rel=\"canonical\" href=\"http:\/\/www.sindipetroba.org.br\/2019\/comissao-de-anistia-e-retomada-com-a-reintegracao-de-cinco-petroleiros\/\" \/>\n<meta property=\"og:locale\" content=\"pt_BR\" \/>\n<meta property=\"og:type\" content=\"article\" \/>\n<meta property=\"og:title\" content=\"Comiss\u00e3o de anistia \u00e9 retomada com a reintegra\u00e7\u00e3o de cinco petroleiros - Sindipetro BA\" \/>\n<meta property=\"og:description\" content=\"FUP segue na luta para trazer de volta ao Sistema Petrobr\u00e1s todos os petroleiros e petroleiras que foram arbitrariamente demitidos, seja por participa\u00e7\u00e3o em movimentos grevistas, por persegui\u00e7\u00f5es pol\u00edticas ou por processos de privatiza\u00e7\u00e3o [Da imprensa da FUP] Ap\u00f3s intensa articula\u00e7\u00e3o da FUP junto ao governo e \u00e0 gest\u00e3o da Petrobr\u00e1s, mais cinco petroleiros anistiados... Ver artigo\" \/>\n<meta property=\"og:url\" content=\"http:\/\/www.sindipetroba.org.br\/2019\/comissao-de-anistia-e-retomada-com-a-reintegracao-de-cinco-petroleiros\/\" \/>\n<meta property=\"og:site_name\" content=\"Sindipetro BA\" \/>\n<meta property=\"article:publisher\" content=\"https:\/\/www.facebook.com\/sindipetroBa\/\" \/>\n<meta property=\"article:published_time\" content=\"2024-05-23T12:44:52+00:00\" \/>\n<meta property=\"article:modified_time\" content=\"2024-05-23T12:45:48+00:00\" \/>\n<meta property=\"og:image\" content=\"http:\/\/www.sindipetroba.org.br\/2019\/wp-content\/uploads\/2024\/05\/WhatsApp-Image-2024-05-23-at-09.41.04.jpeg\" \/>\n\t<meta property=\"og:image:width\" content=\"768\" \/>\n\t<meta property=\"og:image:height\" content=\"377\" \/>\n\t<meta property=\"og:image:type\" content=\"image\/jpeg\" \/>\n<meta name=\"author\" content=\"ASCOM AL\" \/>\n<meta name=\"twitter:card\" content=\"summary_large_image\" \/>\n<meta name=\"twitter:creator\" content=\"@SindipetroBahia\" \/>\n<meta name=\"twitter:site\" content=\"@SindipetroBahia\" \/>\n<meta name=\"twitter:label1\" content=\"Escrito por\" \/>\n\t<meta name=\"twitter:data1\" content=\"ASCOM AL\" \/>\n\t<meta name=\"twitter:label2\" content=\"Est. tempo de leitura\" \/>\n\t<meta name=\"twitter:data2\" content=\"4 minutos\" \/>\n<script type=\"application\/ld+json\" class=\"yoast-schema-graph\">{\"@context\":\"https:\\\/\\\/schema.org\",\"@graph\":[{\"@type\":\"Article\",\"@id\":\"http:\\\/\\\/www.sindipetroba.org.br\\\/2019\\\/comissao-de-anistia-e-retomada-com-a-reintegracao-de-cinco-petroleiros\\\/#article\",\"isPartOf\":{\"@id\":\"http:\\\/\\\/www.sindipetroba.org.br\\\/2019\\\/comissao-de-anistia-e-retomada-com-a-reintegracao-de-cinco-petroleiros\\\/\"},\"author\":{\"name\":\"ASCOM AL\",\"@id\":\"http:\\\/\\\/www.sindipetroba.org.br\\\/2019\\\/#\\\/schema\\\/person\\\/b34be57a1332ab60188a340a09275241\"},\"headline\":\"Comiss\u00e3o de anistia \u00e9 retomada com a reintegra\u00e7\u00e3o de cinco petroleiros\",\"datePublished\":\"2024-05-23T12:44:52+00:00\",\"dateModified\":\"2024-05-23T12:45:48+00:00\",\"mainEntityOfPage\":{\"@id\":\"http:\\\/\\\/www.sindipetroba.org.br\\\/2019\\\/comissao-de-anistia-e-retomada-com-a-reintegracao-de-cinco-petroleiros\\\/\"},\"wordCount\":722,\"publisher\":{\"@id\":\"http:\\\/\\\/www.sindipetroba.org.br\\\/2019\\\/#organization\"},\"image\":{\"@id\":\"http:\\\/\\\/www.sindipetroba.org.br\\\/2019\\\/comissao-de-anistia-e-retomada-com-a-reintegracao-de-cinco-petroleiros\\\/#primaryimage\"},\"thumbnailUrl\":\"http:\\\/\\\/www.sindipetroba.org.br\\\/2019\\\/wp-content\\\/uploads\\\/2024\\\/05\\\/WhatsApp-Image-2024-05-23-at-09.41.04.jpeg\",\"keywords\":[\"ACT Sistema Petrobras\",\"Alessandro Trindade\",\"anistia\",\"Comiss\u00e3o de Anistia\",\"GT anistia\",\"petroleiros anistiados\",\"puni\u00e7\u00f5es petrobr\u00e1s\"],\"articleSection\":[\"Not\u00edcia\"],\"inLanguage\":\"pt-BR\"},{\"@type\":\"WebPage\",\"@id\":\"http:\\\/\\\/www.sindipetroba.org.br\\\/2019\\\/comissao-de-anistia-e-retomada-com-a-reintegracao-de-cinco-petroleiros\\\/\",\"url\":\"http:\\\/\\\/www.sindipetroba.org.br\\\/2019\\\/comissao-de-anistia-e-retomada-com-a-reintegracao-de-cinco-petroleiros\\\/\",\"name\":\"Comiss\u00e3o de anistia \u00e9 retomada com a reintegra\u00e7\u00e3o de cinco petroleiros - Sindipetro BA\",\"isPartOf\":{\"@id\":\"http:\\\/\\\/www.sindipetroba.org.br\\\/2019\\\/#website\"},\"primaryImageOfPage\":{\"@id\":\"http:\\\/\\\/www.sindipetroba.org.br\\\/2019\\\/comissao-de-anistia-e-retomada-com-a-reintegracao-de-cinco-petroleiros\\\/#primaryimage\"},\"image\":{\"@id\":\"http:\\\/\\\/www.sindipetroba.org.br\\\/2019\\\/comissao-de-anistia-e-retomada-com-a-reintegracao-de-cinco-petroleiros\\\/#primaryimage\"},\"thumbnailUrl\":\"http:\\\/\\\/www.sindipetroba.org.br\\\/2019\\\/wp-content\\\/uploads\\\/2024\\\/05\\\/WhatsApp-Image-2024-05-23-at-09.41.04.jpeg\",\"datePublished\":\"2024-05-23T12:44:52+00:00\",\"dateModified\":\"2024-05-23T12:45:48+00:00\",\"breadcrumb\":{\"@id\":\"http:\\\/\\\/www.sindipetroba.org.br\\\/2019\\\/comissao-de-anistia-e-retomada-com-a-reintegracao-de-cinco-petroleiros\\\/#breadcrumb\"},\"inLanguage\":\"pt-BR\",\"potentialAction\":[{\"@type\":\"ReadAction\",\"target\":[\"http:\\\/\\\/www.sindipetroba.org.br\\\/2019\\\/comissao-de-anistia-e-retomada-com-a-reintegracao-de-cinco-petroleiros\\\/\"]}]},{\"@type\":\"ImageObject\",\"inLanguage\":\"pt-BR\",\"@id\":\"http:\\\/\\\/www.sindipetroba.org.br\\\/2019\\\/comissao-de-anistia-e-retomada-com-a-reintegracao-de-cinco-petroleiros\\\/#primaryimage\",\"url\":\"http:\\\/\\\/www.sindipetroba.org.br\\\/2019\\\/wp-content\\\/uploads\\\/2024\\\/05\\\/WhatsApp-Image-2024-05-23-at-09.41.04.jpeg\",\"contentUrl\":\"http:\\\/\\\/www.sindipetroba.org.br\\\/2019\\\/wp-content\\\/uploads\\\/2024\\\/05\\\/WhatsApp-Image-2024-05-23-at-09.41.04.jpeg\",\"width\":768,\"height\":377},{\"@type\":\"BreadcrumbList\",\"@id\":\"http:\\\/\\\/www.sindipetroba.org.br\\\/2019\\\/comissao-de-anistia-e-retomada-com-a-reintegracao-de-cinco-petroleiros\\\/#breadcrumb\",\"itemListElement\":[{\"@type\":\"ListItem\",\"position\":1,\"name\":\"In\u00edcio\",\"item\":\"http:\\\/\\\/www.sindipetroba.org.br\\\/2019\\\/\"},{\"@type\":\"ListItem\",\"position\":2,\"name\":\"Comiss\u00e3o de anistia \u00e9 retomada com a reintegra\u00e7\u00e3o de cinco petroleiros\"}]},{\"@type\":\"WebSite\",\"@id\":\"http:\\\/\\\/www.sindipetroba.org.br\\\/2019\\\/#website\",\"url\":\"http:\\\/\\\/www.sindipetroba.org.br\\\/2019\\\/\",\"name\":\"Sindipetro BA\",\"description\":\"Sindicato dos Petroleiros e Petroleiras do Estado da Bahia\",\"publisher\":{\"@id\":\"http:\\\/\\\/www.sindipetroba.org.br\\\/2019\\\/#organization\"},\"potentialAction\":[{\"@type\":\"SearchAction\",\"target\":{\"@type\":\"EntryPoint\",\"urlTemplate\":\"http:\\\/\\\/www.sindipetroba.org.br\\\/2019\\\/?s={search_term_string}\"},\"query-input\":{\"@type\":\"PropertyValueSpecification\",\"valueRequired\":true,\"valueName\":\"search_term_string\"}}],\"inLanguage\":\"pt-BR\"},{\"@type\":\"Organization\",\"@id\":\"http:\\\/\\\/www.sindipetroba.org.br\\\/2019\\\/#organization\",\"name\":\"Sindipetro BA\",\"url\":\"http:\\\/\\\/www.sindipetroba.org.br\\\/2019\\\/\",\"logo\":{\"@type\":\"ImageObject\",\"inLanguage\":\"pt-BR\",\"@id\":\"http:\\\/\\\/www.sindipetroba.org.br\\\/2019\\\/#\\\/schema\\\/logo\\\/image\\\/\",\"url\":\"http:\\\/\\\/www.sindipetroba.org.br\\\/2019\\\/wp-content\\\/uploads\\\/2019\\\/01\\\/sindipetro-marca-cor.png\",\"contentUrl\":\"http:\\\/\\\/www.sindipetroba.org.br\\\/2019\\\/wp-content\\\/uploads\\\/2019\\\/01\\\/sindipetro-marca-cor.png\",\"width\":350,\"height\":126,\"caption\":\"Sindipetro BA\"},\"image\":{\"@id\":\"http:\\\/\\\/www.sindipetroba.org.br\\\/2019\\\/#\\\/schema\\\/logo\\\/image\\\/\"},\"sameAs\":[\"https:\\\/\\\/www.facebook.com\\\/sindipetroBa\\\/\",\"https:\\\/\\\/x.com\\\/SindipetroBahia\",\"https:\\\/\\\/www.instagram.com\\\/sindipetroba\\\/\",\"https:\\\/\\\/www.youtube.com\\\/c\\\/SindipetroBahiaOficial\"]},{\"@type\":\"Person\",\"@id\":\"http:\\\/\\\/www.sindipetroba.org.br\\\/2019\\\/#\\\/schema\\\/person\\\/b34be57a1332ab60188a340a09275241\",\"name\":\"ASCOM AL\",\"image\":{\"@type\":\"ImageObject\",\"inLanguage\":\"pt-BR\",\"@id\":\"https:\\\/\\\/secure.gravatar.com\\\/avatar\\\/7faf4b5e74f0ebf515009a1f27466f1b1ace10867d066a91562e822c805d3157?s=96&d=mm&r=g\",\"url\":\"https:\\\/\\\/secure.gravatar.com\\\/avatar\\\/7faf4b5e74f0ebf515009a1f27466f1b1ace10867d066a91562e822c805d3157?s=96&d=mm&r=g\",\"contentUrl\":\"https:\\\/\\\/secure.gravatar.com\\\/avatar\\\/7faf4b5e74f0ebf515009a1f27466f1b1ace10867d066a91562e822c805d3157?s=96&d=mm&r=g\",\"caption\":\"ASCOM AL\"},\"sameAs\":[\"http:\\\/\\\/www.sindipetroba.org.br\"]}]}<\/script>\n<!-- \/ Yoast SEO plugin. -->","yoast_head_json":{"title":"Comiss\u00e3o de anistia \u00e9 retomada com a reintegra\u00e7\u00e3o de cinco petroleiros - Sindipetro BA","robots":{"index":"index","follow":"follow","max-snippet":"max-snippet:-1","max-image-preview":"max-image-preview:large","max-video-preview":"max-video-preview:-1"},"canonical":"http:\/\/www.sindipetroba.org.br\/2019\/comissao-de-anistia-e-retomada-com-a-reintegracao-de-cinco-petroleiros\/","og_locale":"pt_BR","og_type":"article","og_title":"Comiss\u00e3o de anistia \u00e9 retomada com a reintegra\u00e7\u00e3o de cinco petroleiros - Sindipetro BA","og_description":"FUP segue na luta para trazer de volta ao Sistema Petrobr\u00e1s todos os petroleiros e petroleiras que foram arbitrariamente demitidos, seja por participa\u00e7\u00e3o em movimentos grevistas, por persegui\u00e7\u00f5es pol\u00edticas ou por processos de privatiza\u00e7\u00e3o [Da imprensa da FUP] Ap\u00f3s intensa articula\u00e7\u00e3o da FUP junto ao governo e \u00e0 gest\u00e3o da Petrobr\u00e1s, mais cinco petroleiros anistiados... Ver artigo","og_url":"http:\/\/www.sindipetroba.org.br\/2019\/comissao-de-anistia-e-retomada-com-a-reintegracao-de-cinco-petroleiros\/","og_site_name":"Sindipetro BA","article_publisher":"https:\/\/www.facebook.com\/sindipetroBa\/","article_published_time":"2024-05-23T12:44:52+00:00","article_modified_time":"2024-05-23T12:45:48+00:00","og_image":[{"width":768,"height":377,"url":"http:\/\/www.sindipetroba.org.br\/2019\/wp-content\/uploads\/2024\/05\/WhatsApp-Image-2024-05-23-at-09.41.04.jpeg","type":"image\/jpeg"}],"author":"ASCOM AL","twitter_card":"summary_large_image","twitter_creator":"@SindipetroBahia","twitter_site":"@SindipetroBahia","twitter_misc":{"Escrito por":"ASCOM AL","Est. tempo de leitura":"4 minutos"},"schema":{"@context":"https:\/\/schema.org","@graph":[{"@type":"Article","@id":"http:\/\/www.sindipetroba.org.br\/2019\/comissao-de-anistia-e-retomada-com-a-reintegracao-de-cinco-petroleiros\/#article","isPartOf":{"@id":"http:\/\/www.sindipetroba.org.br\/2019\/comissao-de-anistia-e-retomada-com-a-reintegracao-de-cinco-petroleiros\/"},"author":{"name":"ASCOM AL","@id":"http:\/\/www.sindipetroba.org.br\/2019\/#\/schema\/person\/b34be57a1332ab60188a340a09275241"},"headline":"Comiss\u00e3o de anistia \u00e9 retomada com a reintegra\u00e7\u00e3o de cinco petroleiros","datePublished":"2024-05-23T12:44:52+00:00","dateModified":"2024-05-23T12:45:48+00:00","mainEntityOfPage":{"@id":"http:\/\/www.sindipetroba.org.br\/2019\/comissao-de-anistia-e-retomada-com-a-reintegracao-de-cinco-petroleiros\/"},"wordCount":722,"publisher":{"@id":"http:\/\/www.sindipetroba.org.br\/2019\/#organization"},"image":{"@id":"http:\/\/www.sindipetroba.org.br\/2019\/comissao-de-anistia-e-retomada-com-a-reintegracao-de-cinco-petroleiros\/#primaryimage"},"thumbnailUrl":"http:\/\/www.sindipetroba.org.br\/2019\/wp-content\/uploads\/2024\/05\/WhatsApp-Image-2024-05-23-at-09.41.04.jpeg","keywords":["ACT Sistema Petrobras","Alessandro Trindade","anistia","Comiss\u00e3o de Anistia","GT anistia","petroleiros anistiados","puni\u00e7\u00f5es petrobr\u00e1s"],"articleSection":["Not\u00edcia"],"inLanguage":"pt-BR"},{"@type":"WebPage","@id":"http:\/\/www.sindipetroba.org.br\/2019\/comissao-de-anistia-e-retomada-com-a-reintegracao-de-cinco-petroleiros\/","url":"http:\/\/www.sindipetroba.org.br\/2019\/comissao-de-anistia-e-retomada-com-a-reintegracao-de-cinco-petroleiros\/","name":"Comiss\u00e3o de anistia \u00e9 retomada com a reintegra\u00e7\u00e3o de cinco petroleiros - Sindipetro BA","isPartOf":{"@id":"http:\/\/www.sindipetroba.org.br\/2019\/#website"},"primaryImageOfPage":{"@id":"http:\/\/www.sindipetroba.org.br\/2019\/comissao-de-anistia-e-retomada-com-a-reintegracao-de-cinco-petroleiros\/#primaryimage"},"image":{"@id":"http:\/\/www.sindipetroba.org.br\/2019\/comissao-de-anistia-e-retomada-com-a-reintegracao-de-cinco-petroleiros\/#primaryimage"},"thumbnailUrl":"http:\/\/www.sindipetroba.org.br\/2019\/wp-content\/uploads\/2024\/05\/WhatsApp-Image-2024-05-23-at-09.41.04.jpeg","datePublished":"2024-05-23T12:44:52+00:00","dateModified":"2024-05-23T12:45:48+00:00","breadcrumb":{"@id":"http:\/\/www.sindipetroba.org.br\/2019\/comissao-de-anistia-e-retomada-com-a-reintegracao-de-cinco-petroleiros\/#breadcrumb"},"inLanguage":"pt-BR","potentialAction":[{"@type":"ReadAction","target":["http:\/\/www.sindipetroba.org.br\/2019\/comissao-de-anistia-e-retomada-com-a-reintegracao-de-cinco-petroleiros\/"]}]},{"@type":"ImageObject","inLanguage":"pt-BR","@id":"http:\/\/www.sindipetroba.org.br\/2019\/comissao-de-anistia-e-retomada-com-a-reintegracao-de-cinco-petroleiros\/#primaryimage","url":"http:\/\/www.sindipetroba.org.br\/2019\/wp-content\/uploads\/2024\/05\/WhatsApp-Image-2024-05-23-at-09.41.04.jpeg","contentUrl":"http:\/\/www.sindipetroba.org.br\/2019\/wp-content\/uploads\/2024\/05\/WhatsApp-Image-2024-05-23-at-09.41.04.jpeg","width":768,"height":377},{"@type":"BreadcrumbList","@id":"http:\/\/www.sindipetroba.org.br\/2019\/comissao-de-anistia-e-retomada-com-a-reintegracao-de-cinco-petroleiros\/#breadcrumb","itemListElement":[{"@type":"ListItem","position":1,"name":"In\u00edcio","item":"http:\/\/www.sindipetroba.org.br\/2019\/"},{"@type":"ListItem","position":2,"name":"Comiss\u00e3o de anistia \u00e9 retomada com a reintegra\u00e7\u00e3o de cinco petroleiros"}]},{"@type":"WebSite","@id":"http:\/\/www.sindipetroba.org.br\/2019\/#website","url":"http:\/\/www.sindipetroba.org.br\/2019\/","name":"Sindipetro BA","description":"Sindicato dos Petroleiros e Petroleiras do Estado da Bahia","publisher":{"@id":"http:\/\/www.sindipetroba.org.br\/2019\/#organization"},"potentialAction":[{"@type":"SearchAction","target":{"@type":"EntryPoint","urlTemplate":"http:\/\/www.sindipetroba.org.br\/2019\/?s={search_term_string}"},"query-input":{"@type":"PropertyValueSpecification","valueRequired":true,"valueName":"search_term_string"}}],"inLanguage":"pt-BR"},{"@type":"Organization","@id":"http:\/\/www.sindipetroba.org.br\/2019\/#organization","name":"Sindipetro BA","url":"http:\/\/www.sindipetroba.org.br\/2019\/","logo":{"@type":"ImageObject","inLanguage":"pt-BR","@id":"http:\/\/www.sindipetroba.org.br\/2019\/#\/schema\/logo\/image\/","url":"http:\/\/www.sindipetroba.org.br\/2019\/wp-content\/uploads\/2019\/01\/sindipetro-marca-cor.png","contentUrl":"http:\/\/www.sindipetroba.org.br\/2019\/wp-content\/uploads\/2019\/01\/sindipetro-marca-cor.png","width":350,"height":126,"caption":"Sindipetro BA"},"image":{"@id":"http:\/\/www.sindipetroba.org.br\/2019\/#\/schema\/logo\/image\/"},"sameAs":["https:\/\/www.facebook.com\/sindipetroBa\/","https:\/\/x.com\/SindipetroBahia","https:\/\/www.instagram.com\/sindipetroba\/","https:\/\/www.youtube.com\/c\/SindipetroBahiaOficial"]},{"@type":"Person","@id":"http:\/\/www.sindipetroba.org.br\/2019\/#\/schema\/person\/b34be57a1332ab60188a340a09275241","name":"ASCOM AL","image":{"@type":"ImageObject","inLanguage":"pt-BR","@id":"https:\/\/secure.gravatar.com\/avatar\/7faf4b5e74f0ebf515009a1f27466f1b1ace10867d066a91562e822c805d3157?s=96&d=mm&r=g","url":"https:\/\/secure.gravatar.com\/avatar\/7faf4b5e74f0ebf515009a1f27466f1b1ace10867d066a91562e822c805d3157?s=96&d=mm&r=g","contentUrl":"https:\/\/secure.gravatar.com\/avatar\/7faf4b5e74f0ebf515009a1f27466f1b1ace10867d066a91562e822c805d3157?s=96&d=mm&r=g","caption":"ASCOM AL"},"sameAs":["http:\/\/www.sindipetroba.org.br"]}]}},"_links":{"self":[{"href":"http:\/\/www.sindipetroba.org.br\/2019\/wp-json\/wp\/v2\/posts\/24524","targetHints":{"allow":["GET"]}}],"collection":[{"href":"http:\/\/www.sindipetroba.org.br\/2019\/wp-json\/wp\/v2\/posts"}],"about":[{"href":"http:\/\/www.sindipetroba.org.br\/2019\/wp-json\/wp\/v2\/types\/post"}],"author":[{"embeddable":true,"href":"http:\/\/www.sindipetroba.org.br\/2019\/wp-json\/wp\/v2\/users\/7"}],"replies":[{"embeddable":true,"href":"http:\/\/www.sindipetroba.org.br\/2019\/wp-json\/wp\/v2\/comments?post=24524"}],"version-history":[{"count":2,"href":"http:\/\/www.sindipetroba.org.br\/2019\/wp-json\/wp\/v2\/posts\/24524\/revisions"}],"predecessor-version":[{"id":24527,"href":"http:\/\/www.sindipetroba.org.br\/2019\/wp-json\/wp\/v2\/posts\/24524\/revisions\/24527"}],"wp:featuredmedia":[{"embeddable":true,"href":"http:\/\/www.sindipetroba.org.br\/2019\/wp-json\/wp\/v2\/media\/24525"}],"wp:attachment":[{"href":"http:\/\/www.sindipetroba.org.br\/2019\/wp-json\/wp\/v2\/media?parent=24524"}],"wp:term":[{"taxonomy":"category","embeddable":true,"href":"http:\/\/www.sindipetroba.org.br\/2019\/wp-json\/wp\/v2\/categories?post=24524"},{"taxonomy":"post_tag","embeddable":true,"href":"http:\/\/www.sindipetroba.org.br\/2019\/wp-json\/wp\/v2\/tags?post=24524"}],"curies":[{"name":"wp","href":"https:\/\/api.w.org\/{rel}","templated":true}]}}