{"id":673,"date":"2019-02-20T17:14:44","date_gmt":"2019-02-20T20:14:44","guid":{"rendered":"http:\/\/www.sindipetroba.org.br\/2019\/?p=673"},"modified":"2019-02-20T17:14:44","modified_gmt":"2019-02-20T20:14:44","slug":"resumo-da-reuniao-do-sindipetro-ba-com-a-gerencia-de-gestao-de-pessoas-da-rlam-nesta-segunda-18","status":"publish","type":"post","link":"http:\/\/www.sindipetroba.org.br\/2019\/resumo-da-reuniao-do-sindipetro-ba-com-a-gerencia-de-gestao-de-pessoas-da-rlam-nesta-segunda-18\/","title":{"rendered":"Resumo da reuni\u00e3o do Sindipetro-BA com a ger\u00eancia de Gest\u00e3o de Pessoas da RLAM, nesta segunda (18)"},"content":{"rendered":"<p>Confira o resumo da reuni\u00e3o realizada entre a dire\u00e7\u00e3o do Sindipetro Bahia e a ger\u00eancia de Gest\u00e3o de Pessoas da RLAM, no fim da manh\u00e3 desta segunda-feira (18):<\/p>\n<p>&nbsp;<\/p>\n<p><strong>1- N\u00e3o pagamento dos 30 min de hora extra da troca de turno e passagem do servi\u00e7o para empregados do turno deslocados para o regime Administrativo.<\/strong><\/p>\n<p>&nbsp;<\/p>\n<p>A Ger\u00eancia da RLAM afirmou que depois de 30 dias em regime Administrativo, ser\u00e3o cortadas essas 9 HE por m\u00eas. At\u00e9 180 dias, pode ficar no Adm com os outros adicionais. Aplica\u00e7\u00e3o a partir do m\u00eas de fevereiro de 2018. O regime de trabalho do empregado \u00e9 determinado pela gest\u00e3o da Companhia. Algumas pessoas ser\u00e3o convencidas a ficar no Adm para cumprir as tarefas de interesse da empresa.<\/p>\n<p>Para o Sindicato, se \u00e9 por interesse da empresa, deve manter os adicionais habituais. Isso \u00e9 \u00e9tico. H\u00e1 um exemplo claro nos casos dos Operadores de Manuten\u00e7\u00e3o (GPI). O exemplo da REDUC (Acordo Local) deveria ser utilizado no ACT, mas a gest\u00e3o de RH da Petrobr\u00e1s n\u00e3o quis negociar isso em 2015 e 2017.<\/p>\n<p>O Sindipetro acredita que o argumento utilizado pela gest\u00e3o da empresa \u00e9 inv\u00e1lido, pois se f\u00f4ssemos usar a mesma l\u00f3gica para os outros adicionais, os trabalhadores deveriam ser indenizados, antes de serem deslocados para o adm.<\/p>\n<p>O setor jur\u00eddico do Sindicato j\u00e1 est\u00e1 analisando o caso e vendo a possibilidade de mover uma a\u00e7\u00e3o judicial.<\/p>\n<p>&nbsp;<\/p>\n<p><strong>2- Problemas na divis\u00e3o e marca\u00e7\u00e3o de f\u00e9rias de trabalhadores, em regime de turno<\/strong><\/p>\n<p>Sobre essa quest\u00e3o, o RH da empresa relatou saldo de faltas no sistema, quando entram de f\u00e9rias na sa\u00edda de folga e voltam, tamb\u00e9m, na folga. Para o turno, a divis\u00e3o das f\u00e9rias em 3 parcelas est\u00e1 sendo estudada para se definir melhores per\u00edodos para tirar f\u00e9rias.<\/p>\n<p>A Ger\u00eancia alega que a defini\u00e7\u00e3o das f\u00e9rias \u00e9 prerrogativa do EMPREGADOR e n\u00e3o do empregado. Por\u00e9m, o Sindipetro adverte que apesar de ser prerrogativa do empregador, ele n\u00e3o pode for\u00e7ar o empregado a dividir as f\u00e9rias. A solu\u00e7\u00e3o est\u00e1 sendo analisada e ser\u00e1 apresentada pelo RH para todos os empregados da RLAM.<\/p>\n<p>&nbsp;<\/p>\n<p><strong>3- Processo de avan\u00e7o de n\u00edvel e promo\u00e7\u00e3o do pessoal que est\u00e1 no PCAC &#8211; 18 e 24 meses<\/strong><\/p>\n<p>A Ger\u00eancia\u00a0 alegou que este problema j\u00e1 foi resolvido e que est\u00e1 comunicando os empregados da RLAM. Caso haja algu\u00e9m na condi\u00e7\u00e3o de receber n\u00edvel de 18 ou 24 meses e n\u00e3o tenha recebido, deve comunicar o RH, atrav\u00e9s do Sindicato.<\/p>\n<p>&nbsp;<\/p>\n<p><strong>4- Participa\u00e7\u00e3o da CIPA nas reuni\u00f5es de Planejamento das Paradas de Manuten\u00e7\u00e3o, quando envolver quest\u00f5es de SMS, e nas inspe\u00e7\u00f5es e auditorias de SMS, no andamento das Paradas de Manuten\u00e7\u00e3o<\/strong><\/p>\n<p>Assunto para a comiss\u00e3o de SMS, mas a Gest\u00e3o coloca que n\u00e3o h\u00e1 problema algum para a participa\u00e7\u00e3o da CIPA. Na reuni\u00e3o da Comiss\u00e3o de SMS, a CIPA apresentar\u00e1 um Plano de A\u00e7\u00e3o para as pr\u00f3ximas paradas.<\/p>\n<p>&nbsp;<\/p>\n<p><strong>5- Alimenta\u00e7\u00e3o na RLAM<\/strong><\/p>\n<p>Durante a reuni\u00e3o, o Sindicato alegou que est\u00e1 faltando comida no turno, e a qualidade da alimenta\u00e7\u00e3o, em geral, est\u00e1 ruim por conta das mudan\u00e7as no contrato. O Sindipetro pediu acesso ao descritivo do contrato e cobramos a reinstala\u00e7\u00e3o da Comiss\u00e3o de Alimenta\u00e7\u00e3o da Infraestrutura da RLAM.<\/p>\n<p>&nbsp;<\/p>\n<p><strong>6- Papel social da RLAM nas quest\u00f5es de diversidade de g\u00eanero, ra\u00e7a e LGBT<\/strong><\/p>\n<p>O Sindipetro cobrou a Petrobr\u00e1s a pr\u00e1tica de pol\u00edticas afirmativas, al\u00e9m do cumprimento com suas propostas nas a\u00e7\u00f5es pr\u00e1ticas e estruturais, dentro da Companhia.<\/p>\n<p>Segundo a Ger\u00eancia, a companhia tem algumas a\u00e7\u00f5es de inclus\u00e3o, como companheiros da AMS, e vai procurar mais informa\u00e7\u00f5es da alta administra\u00e7\u00e3o de quest\u00f5es mais amplas sobre o tema. Quanto ao M\u00eas da Mulher, a Ger\u00eancia se comprometeu em fazer algumas a\u00e7\u00f5es de valoriza\u00e7\u00e3o das mulheres na RLAM.<\/p>\n<p>&nbsp;<\/p>\n<p><strong>7- Problemas na U-6: especificidades da Unidade, redu\u00e7\u00e3o de efetivo e aumento das anomalias de SMS<\/strong><\/p>\n<p>Diversos problemas e acidentes ocorridos foram relacionados pelo Sindicato e cobramos uma reuni\u00e3o espec\u00edfica com o GG, GGA e Gerente dessa \u00c1rea at\u00e9 quarta-feira (20), para evitar novos acidentes e problemas com o pessoal da opera\u00e7\u00e3o e at\u00e9 da comunidade de toda RLAM e entorno.<\/p>\n<p>O Sindipetro convoca a categoria a se mobilizar e lutar, para que todos os trabalhadores resistam as medidas que a empresa quer colocar em pr\u00e1tica. Sem luta, n\u00e3o haver\u00e1 vit\u00f3ria para a classe!<\/p>\n<p>&nbsp;<\/p>\n<p><strong>*Fonte: Sindipetro Bahia*<\/strong><\/p>\n","protected":false},"excerpt":{"rendered":"Confira o resumo da reuni\u00e3o realizada entre a dire\u00e7\u00e3o do Sindipetro Bahia e a ger\u00eancia de Gest\u00e3o de Pessoas da RLAM, no fim da manh\u00e3 desta segunda-feira (18): &nbsp; 1- N\u00e3o pagamento dos 30 min de hora extra da troca de turno e passagem do servi\u00e7o para empregados do turno deslocados para o regime Administrativo&#8230;. <a class=\"view-article\" href=\"http:\/\/www.sindipetroba.org.br\/2019\/resumo-da-reuniao-do-sindipetro-ba-com-a-gerencia-de-gestao-de-pessoas-da-rlam-nesta-segunda-18\/\">Ver artigo<\/a>","protected":false},"author":1,"featured_media":674,"comment_status":"closed","ping_status":"open","sticky":false,"template":"","format":"standard","meta":{"_et_pb_use_builder":"","_et_pb_old_content":"","_et_gb_content_width":"","footnotes":""},"categories":[1],"tags":[42,29,44],"class_list":["post-673","post","type-post","status-publish","format-standard","has-post-thumbnail","hentry","category-noticia","tag-categoria-petroleira","tag-petroleiros-da-bahia","tag-rlam"],"yoast_head":"<!-- This site is optimized with the Yoast SEO plugin v27.3 - https:\/\/yoast.com\/product\/yoast-seo-wordpress\/ -->\n<title>Resumo da reuni\u00e3o do Sindipetro-BA com a ger\u00eancia de Gest\u00e3o de Pessoas da RLAM, nesta segunda (18) - Sindipetro BA<\/title>\n<meta name=\"robots\" content=\"index, follow, max-snippet:-1, max-image-preview:large, max-video-preview:-1\" \/>\n<link rel=\"canonical\" href=\"http:\/\/www.sindipetroba.org.br\/2019\/resumo-da-reuniao-do-sindipetro-ba-com-a-gerencia-de-gestao-de-pessoas-da-rlam-nesta-segunda-18\/\" \/>\n<meta property=\"og:locale\" content=\"pt_BR\" \/>\n<meta property=\"og:type\" content=\"article\" \/>\n<meta property=\"og:title\" content=\"Resumo da reuni\u00e3o do Sindipetro-BA com a ger\u00eancia de Gest\u00e3o de Pessoas da RLAM, nesta segunda (18) - Sindipetro BA\" \/>\n<meta property=\"og:description\" content=\"Confira o resumo da reuni\u00e3o realizada entre a dire\u00e7\u00e3o do Sindipetro Bahia e a ger\u00eancia de Gest\u00e3o de Pessoas da RLAM, no fim da manh\u00e3 desta segunda-feira (18): &nbsp; 1- N\u00e3o pagamento dos 30 min de hora extra da troca de turno e passagem do servi\u00e7o para empregados do turno deslocados para o regime Administrativo.... Ver artigo\" \/>\n<meta property=\"og:url\" content=\"http:\/\/www.sindipetroba.org.br\/2019\/resumo-da-reuniao-do-sindipetro-ba-com-a-gerencia-de-gestao-de-pessoas-da-rlam-nesta-segunda-18\/\" \/>\n<meta property=\"og:site_name\" content=\"Sindipetro BA\" \/>\n<meta property=\"article:publisher\" content=\"https:\/\/www.facebook.com\/sindipetroBa\/\" \/>\n<meta property=\"article:published_time\" content=\"2019-02-20T20:14:44+00:00\" \/>\n<meta property=\"og:image\" content=\"http:\/\/www.sindipetroba.org.br\/2019\/wp-content\/uploads\/2019\/02\/RLAM.jpg\" \/>\n\t<meta property=\"og:image:width\" content=\"715\" \/>\n\t<meta property=\"og:image:height\" content=\"328\" \/>\n\t<meta property=\"og:image:type\" content=\"image\/jpeg\" \/>\n<meta name=\"author\" content=\"admsp\" \/>\n<meta name=\"twitter:card\" content=\"summary_large_image\" \/>\n<meta name=\"twitter:creator\" content=\"@SindipetroBahia\" \/>\n<meta name=\"twitter:site\" content=\"@SindipetroBahia\" \/>\n<meta name=\"twitter:label1\" content=\"Escrito por\" \/>\n\t<meta name=\"twitter:data1\" content=\"admsp\" \/>\n\t<meta name=\"twitter:label2\" content=\"Est. tempo de leitura\" \/>\n\t<meta name=\"twitter:data2\" content=\"4 minutos\" \/>\n<script type=\"application\/ld+json\" class=\"yoast-schema-graph\">{\"@context\":\"https:\\\/\\\/schema.org\",\"@graph\":[{\"@type\":\"Article\",\"@id\":\"http:\\\/\\\/www.sindipetroba.org.br\\\/2019\\\/resumo-da-reuniao-do-sindipetro-ba-com-a-gerencia-de-gestao-de-pessoas-da-rlam-nesta-segunda-18\\\/#article\",\"isPartOf\":{\"@id\":\"http:\\\/\\\/www.sindipetroba.org.br\\\/2019\\\/resumo-da-reuniao-do-sindipetro-ba-com-a-gerencia-de-gestao-de-pessoas-da-rlam-nesta-segunda-18\\\/\"},\"author\":{\"name\":\"admsp\",\"@id\":\"http:\\\/\\\/www.sindipetroba.org.br\\\/2019\\\/#\\\/schema\\\/person\\\/e61228ef9f981537d4c4eb80f6ea7713\"},\"headline\":\"Resumo da reuni\u00e3o do Sindipetro-BA com a ger\u00eancia de Gest\u00e3o de Pessoas da RLAM, nesta segunda (18)\",\"datePublished\":\"2019-02-20T20:14:44+00:00\",\"mainEntityOfPage\":{\"@id\":\"http:\\\/\\\/www.sindipetroba.org.br\\\/2019\\\/resumo-da-reuniao-do-sindipetro-ba-com-a-gerencia-de-gestao-de-pessoas-da-rlam-nesta-segunda-18\\\/\"},\"wordCount\":814,\"publisher\":{\"@id\":\"http:\\\/\\\/www.sindipetroba.org.br\\\/2019\\\/#organization\"},\"image\":{\"@id\":\"http:\\\/\\\/www.sindipetroba.org.br\\\/2019\\\/resumo-da-reuniao-do-sindipetro-ba-com-a-gerencia-de-gestao-de-pessoas-da-rlam-nesta-segunda-18\\\/#primaryimage\"},\"thumbnailUrl\":\"http:\\\/\\\/www.sindipetroba.org.br\\\/2019\\\/wp-content\\\/uploads\\\/2019\\\/02\\\/RLAM.jpg\",\"keywords\":[\"categoria petroleira\",\"petroleiros da bahia\",\"RLAM\"],\"articleSection\":[\"Not\u00edcia\"],\"inLanguage\":\"pt-BR\"},{\"@type\":\"WebPage\",\"@id\":\"http:\\\/\\\/www.sindipetroba.org.br\\\/2019\\\/resumo-da-reuniao-do-sindipetro-ba-com-a-gerencia-de-gestao-de-pessoas-da-rlam-nesta-segunda-18\\\/\",\"url\":\"http:\\\/\\\/www.sindipetroba.org.br\\\/2019\\\/resumo-da-reuniao-do-sindipetro-ba-com-a-gerencia-de-gestao-de-pessoas-da-rlam-nesta-segunda-18\\\/\",\"name\":\"Resumo da reuni\u00e3o do Sindipetro-BA com a ger\u00eancia de Gest\u00e3o de Pessoas da RLAM, nesta segunda (18) - Sindipetro BA\",\"isPartOf\":{\"@id\":\"http:\\\/\\\/www.sindipetroba.org.br\\\/2019\\\/#website\"},\"primaryImageOfPage\":{\"@id\":\"http:\\\/\\\/www.sindipetroba.org.br\\\/2019\\\/resumo-da-reuniao-do-sindipetro-ba-com-a-gerencia-de-gestao-de-pessoas-da-rlam-nesta-segunda-18\\\/#primaryimage\"},\"image\":{\"@id\":\"http:\\\/\\\/www.sindipetroba.org.br\\\/2019\\\/resumo-da-reuniao-do-sindipetro-ba-com-a-gerencia-de-gestao-de-pessoas-da-rlam-nesta-segunda-18\\\/#primaryimage\"},\"thumbnailUrl\":\"http:\\\/\\\/www.sindipetroba.org.br\\\/2019\\\/wp-content\\\/uploads\\\/2019\\\/02\\\/RLAM.jpg\",\"datePublished\":\"2019-02-20T20:14:44+00:00\",\"breadcrumb\":{\"@id\":\"http:\\\/\\\/www.sindipetroba.org.br\\\/2019\\\/resumo-da-reuniao-do-sindipetro-ba-com-a-gerencia-de-gestao-de-pessoas-da-rlam-nesta-segunda-18\\\/#breadcrumb\"},\"inLanguage\":\"pt-BR\",\"potentialAction\":[{\"@type\":\"ReadAction\",\"target\":[\"http:\\\/\\\/www.sindipetroba.org.br\\\/2019\\\/resumo-da-reuniao-do-sindipetro-ba-com-a-gerencia-de-gestao-de-pessoas-da-rlam-nesta-segunda-18\\\/\"]}]},{\"@type\":\"ImageObject\",\"inLanguage\":\"pt-BR\",\"@id\":\"http:\\\/\\\/www.sindipetroba.org.br\\\/2019\\\/resumo-da-reuniao-do-sindipetro-ba-com-a-gerencia-de-gestao-de-pessoas-da-rlam-nesta-segunda-18\\\/#primaryimage\",\"url\":\"http:\\\/\\\/www.sindipetroba.org.br\\\/2019\\\/wp-content\\\/uploads\\\/2019\\\/02\\\/RLAM.jpg\",\"contentUrl\":\"http:\\\/\\\/www.sindipetroba.org.br\\\/2019\\\/wp-content\\\/uploads\\\/2019\\\/02\\\/RLAM.jpg\",\"width\":715,\"height\":328},{\"@type\":\"BreadcrumbList\",\"@id\":\"http:\\\/\\\/www.sindipetroba.org.br\\\/2019\\\/resumo-da-reuniao-do-sindipetro-ba-com-a-gerencia-de-gestao-de-pessoas-da-rlam-nesta-segunda-18\\\/#breadcrumb\",\"itemListElement\":[{\"@type\":\"ListItem\",\"position\":1,\"name\":\"In\u00edcio\",\"item\":\"http:\\\/\\\/www.sindipetroba.org.br\\\/2019\\\/\"},{\"@type\":\"ListItem\",\"position\":2,\"name\":\"Resumo da reuni\u00e3o do Sindipetro-BA com a ger\u00eancia de Gest\u00e3o de Pessoas da RLAM, nesta segunda (18)\"}]},{\"@type\":\"WebSite\",\"@id\":\"http:\\\/\\\/www.sindipetroba.org.br\\\/2019\\\/#website\",\"url\":\"http:\\\/\\\/www.sindipetroba.org.br\\\/2019\\\/\",\"name\":\"Sindipetro BA\",\"description\":\"Sindicato dos Petroleiros e Petroleiras do Estado da Bahia\",\"publisher\":{\"@id\":\"http:\\\/\\\/www.sindipetroba.org.br\\\/2019\\\/#organization\"},\"potentialAction\":[{\"@type\":\"SearchAction\",\"target\":{\"@type\":\"EntryPoint\",\"urlTemplate\":\"http:\\\/\\\/www.sindipetroba.org.br\\\/2019\\\/?s={search_term_string}\"},\"query-input\":{\"@type\":\"PropertyValueSpecification\",\"valueRequired\":true,\"valueName\":\"search_term_string\"}}],\"inLanguage\":\"pt-BR\"},{\"@type\":\"Organization\",\"@id\":\"http:\\\/\\\/www.sindipetroba.org.br\\\/2019\\\/#organization\",\"name\":\"Sindipetro BA\",\"url\":\"http:\\\/\\\/www.sindipetroba.org.br\\\/2019\\\/\",\"logo\":{\"@type\":\"ImageObject\",\"inLanguage\":\"pt-BR\",\"@id\":\"http:\\\/\\\/www.sindipetroba.org.br\\\/2019\\\/#\\\/schema\\\/logo\\\/image\\\/\",\"url\":\"http:\\\/\\\/www.sindipetroba.org.br\\\/2019\\\/wp-content\\\/uploads\\\/2019\\\/01\\\/sindipetro-marca-cor.png\",\"contentUrl\":\"http:\\\/\\\/www.sindipetroba.org.br\\\/2019\\\/wp-content\\\/uploads\\\/2019\\\/01\\\/sindipetro-marca-cor.png\",\"width\":350,\"height\":126,\"caption\":\"Sindipetro BA\"},\"image\":{\"@id\":\"http:\\\/\\\/www.sindipetroba.org.br\\\/2019\\\/#\\\/schema\\\/logo\\\/image\\\/\"},\"sameAs\":[\"https:\\\/\\\/www.facebook.com\\\/sindipetroBa\\\/\",\"https:\\\/\\\/x.com\\\/SindipetroBahia\",\"https:\\\/\\\/www.instagram.com\\\/sindipetroba\\\/\",\"https:\\\/\\\/www.youtube.com\\\/c\\\/SindipetroBahiaOficial\"]},{\"@type\":\"Person\",\"@id\":\"http:\\\/\\\/www.sindipetroba.org.br\\\/2019\\\/#\\\/schema\\\/person\\\/e61228ef9f981537d4c4eb80f6ea7713\",\"name\":\"admsp\",\"image\":{\"@type\":\"ImageObject\",\"inLanguage\":\"pt-BR\",\"@id\":\"https:\\\/\\\/secure.gravatar.com\\\/avatar\\\/50f06e2b746fe9248099d2c61c12342ab36327e9d413e3171dd7033b84800d96?s=96&d=mm&r=g\",\"url\":\"https:\\\/\\\/secure.gravatar.com\\\/avatar\\\/50f06e2b746fe9248099d2c61c12342ab36327e9d413e3171dd7033b84800d96?s=96&d=mm&r=g\",\"contentUrl\":\"https:\\\/\\\/secure.gravatar.com\\\/avatar\\\/50f06e2b746fe9248099d2c61c12342ab36327e9d413e3171dd7033b84800d96?s=96&d=mm&r=g\",\"caption\":\"admsp\"}}]}<\/script>\n<!-- \/ Yoast SEO plugin. -->","yoast_head_json":{"title":"Resumo da reuni\u00e3o do Sindipetro-BA com a ger\u00eancia de Gest\u00e3o de Pessoas da RLAM, nesta segunda (18) - Sindipetro BA","robots":{"index":"index","follow":"follow","max-snippet":"max-snippet:-1","max-image-preview":"max-image-preview:large","max-video-preview":"max-video-preview:-1"},"canonical":"http:\/\/www.sindipetroba.org.br\/2019\/resumo-da-reuniao-do-sindipetro-ba-com-a-gerencia-de-gestao-de-pessoas-da-rlam-nesta-segunda-18\/","og_locale":"pt_BR","og_type":"article","og_title":"Resumo da reuni\u00e3o do Sindipetro-BA com a ger\u00eancia de Gest\u00e3o de Pessoas da RLAM, nesta segunda (18) - Sindipetro BA","og_description":"Confira o resumo da reuni\u00e3o realizada entre a dire\u00e7\u00e3o do Sindipetro Bahia e a ger\u00eancia de Gest\u00e3o de Pessoas da RLAM, no fim da manh\u00e3 desta segunda-feira (18): &nbsp; 1- N\u00e3o pagamento dos 30 min de hora extra da troca de turno e passagem do servi\u00e7o para empregados do turno deslocados para o regime Administrativo.... Ver artigo","og_url":"http:\/\/www.sindipetroba.org.br\/2019\/resumo-da-reuniao-do-sindipetro-ba-com-a-gerencia-de-gestao-de-pessoas-da-rlam-nesta-segunda-18\/","og_site_name":"Sindipetro BA","article_publisher":"https:\/\/www.facebook.com\/sindipetroBa\/","article_published_time":"2019-02-20T20:14:44+00:00","og_image":[{"width":715,"height":328,"url":"http:\/\/www.sindipetroba.org.br\/2019\/wp-content\/uploads\/2019\/02\/RLAM.jpg","type":"image\/jpeg"}],"author":"admsp","twitter_card":"summary_large_image","twitter_creator":"@SindipetroBahia","twitter_site":"@SindipetroBahia","twitter_misc":{"Escrito por":"admsp","Est. tempo de leitura":"4 minutos"},"schema":{"@context":"https:\/\/schema.org","@graph":[{"@type":"Article","@id":"http:\/\/www.sindipetroba.org.br\/2019\/resumo-da-reuniao-do-sindipetro-ba-com-a-gerencia-de-gestao-de-pessoas-da-rlam-nesta-segunda-18\/#article","isPartOf":{"@id":"http:\/\/www.sindipetroba.org.br\/2019\/resumo-da-reuniao-do-sindipetro-ba-com-a-gerencia-de-gestao-de-pessoas-da-rlam-nesta-segunda-18\/"},"author":{"name":"admsp","@id":"http:\/\/www.sindipetroba.org.br\/2019\/#\/schema\/person\/e61228ef9f981537d4c4eb80f6ea7713"},"headline":"Resumo da reuni\u00e3o do Sindipetro-BA com a ger\u00eancia de Gest\u00e3o de Pessoas da RLAM, nesta segunda (18)","datePublished":"2019-02-20T20:14:44+00:00","mainEntityOfPage":{"@id":"http:\/\/www.sindipetroba.org.br\/2019\/resumo-da-reuniao-do-sindipetro-ba-com-a-gerencia-de-gestao-de-pessoas-da-rlam-nesta-segunda-18\/"},"wordCount":814,"publisher":{"@id":"http:\/\/www.sindipetroba.org.br\/2019\/#organization"},"image":{"@id":"http:\/\/www.sindipetroba.org.br\/2019\/resumo-da-reuniao-do-sindipetro-ba-com-a-gerencia-de-gestao-de-pessoas-da-rlam-nesta-segunda-18\/#primaryimage"},"thumbnailUrl":"http:\/\/www.sindipetroba.org.br\/2019\/wp-content\/uploads\/2019\/02\/RLAM.jpg","keywords":["categoria petroleira","petroleiros da bahia","RLAM"],"articleSection":["Not\u00edcia"],"inLanguage":"pt-BR"},{"@type":"WebPage","@id":"http:\/\/www.sindipetroba.org.br\/2019\/resumo-da-reuniao-do-sindipetro-ba-com-a-gerencia-de-gestao-de-pessoas-da-rlam-nesta-segunda-18\/","url":"http:\/\/www.sindipetroba.org.br\/2019\/resumo-da-reuniao-do-sindipetro-ba-com-a-gerencia-de-gestao-de-pessoas-da-rlam-nesta-segunda-18\/","name":"Resumo da reuni\u00e3o do Sindipetro-BA com a ger\u00eancia de Gest\u00e3o de Pessoas da RLAM, nesta segunda (18) - Sindipetro BA","isPartOf":{"@id":"http:\/\/www.sindipetroba.org.br\/2019\/#website"},"primaryImageOfPage":{"@id":"http:\/\/www.sindipetroba.org.br\/2019\/resumo-da-reuniao-do-sindipetro-ba-com-a-gerencia-de-gestao-de-pessoas-da-rlam-nesta-segunda-18\/#primaryimage"},"image":{"@id":"http:\/\/www.sindipetroba.org.br\/2019\/resumo-da-reuniao-do-sindipetro-ba-com-a-gerencia-de-gestao-de-pessoas-da-rlam-nesta-segunda-18\/#primaryimage"},"thumbnailUrl":"http:\/\/www.sindipetroba.org.br\/2019\/wp-content\/uploads\/2019\/02\/RLAM.jpg","datePublished":"2019-02-20T20:14:44+00:00","breadcrumb":{"@id":"http:\/\/www.sindipetroba.org.br\/2019\/resumo-da-reuniao-do-sindipetro-ba-com-a-gerencia-de-gestao-de-pessoas-da-rlam-nesta-segunda-18\/#breadcrumb"},"inLanguage":"pt-BR","potentialAction":[{"@type":"ReadAction","target":["http:\/\/www.sindipetroba.org.br\/2019\/resumo-da-reuniao-do-sindipetro-ba-com-a-gerencia-de-gestao-de-pessoas-da-rlam-nesta-segunda-18\/"]}]},{"@type":"ImageObject","inLanguage":"pt-BR","@id":"http:\/\/www.sindipetroba.org.br\/2019\/resumo-da-reuniao-do-sindipetro-ba-com-a-gerencia-de-gestao-de-pessoas-da-rlam-nesta-segunda-18\/#primaryimage","url":"http:\/\/www.sindipetroba.org.br\/2019\/wp-content\/uploads\/2019\/02\/RLAM.jpg","contentUrl":"http:\/\/www.sindipetroba.org.br\/2019\/wp-content\/uploads\/2019\/02\/RLAM.jpg","width":715,"height":328},{"@type":"BreadcrumbList","@id":"http:\/\/www.sindipetroba.org.br\/2019\/resumo-da-reuniao-do-sindipetro-ba-com-a-gerencia-de-gestao-de-pessoas-da-rlam-nesta-segunda-18\/#breadcrumb","itemListElement":[{"@type":"ListItem","position":1,"name":"In\u00edcio","item":"http:\/\/www.sindipetroba.org.br\/2019\/"},{"@type":"ListItem","position":2,"name":"Resumo da reuni\u00e3o do Sindipetro-BA com a ger\u00eancia de Gest\u00e3o de Pessoas da RLAM, nesta segunda (18)"}]},{"@type":"WebSite","@id":"http:\/\/www.sindipetroba.org.br\/2019\/#website","url":"http:\/\/www.sindipetroba.org.br\/2019\/","name":"Sindipetro BA","description":"Sindicato dos Petroleiros e Petroleiras do Estado da Bahia","publisher":{"@id":"http:\/\/www.sindipetroba.org.br\/2019\/#organization"},"potentialAction":[{"@type":"SearchAction","target":{"@type":"EntryPoint","urlTemplate":"http:\/\/www.sindipetroba.org.br\/2019\/?s={search_term_string}"},"query-input":{"@type":"PropertyValueSpecification","valueRequired":true,"valueName":"search_term_string"}}],"inLanguage":"pt-BR"},{"@type":"Organization","@id":"http:\/\/www.sindipetroba.org.br\/2019\/#organization","name":"Sindipetro BA","url":"http:\/\/www.sindipetroba.org.br\/2019\/","logo":{"@type":"ImageObject","inLanguage":"pt-BR","@id":"http:\/\/www.sindipetroba.org.br\/2019\/#\/schema\/logo\/image\/","url":"http:\/\/www.sindipetroba.org.br\/2019\/wp-content\/uploads\/2019\/01\/sindipetro-marca-cor.png","contentUrl":"http:\/\/www.sindipetroba.org.br\/2019\/wp-content\/uploads\/2019\/01\/sindipetro-marca-cor.png","width":350,"height":126,"caption":"Sindipetro BA"},"image":{"@id":"http:\/\/www.sindipetroba.org.br\/2019\/#\/schema\/logo\/image\/"},"sameAs":["https:\/\/www.facebook.com\/sindipetroBa\/","https:\/\/x.com\/SindipetroBahia","https:\/\/www.instagram.com\/sindipetroba\/","https:\/\/www.youtube.com\/c\/SindipetroBahiaOficial"]},{"@type":"Person","@id":"http:\/\/www.sindipetroba.org.br\/2019\/#\/schema\/person\/e61228ef9f981537d4c4eb80f6ea7713","name":"admsp","image":{"@type":"ImageObject","inLanguage":"pt-BR","@id":"https:\/\/secure.gravatar.com\/avatar\/50f06e2b746fe9248099d2c61c12342ab36327e9d413e3171dd7033b84800d96?s=96&d=mm&r=g","url":"https:\/\/secure.gravatar.com\/avatar\/50f06e2b746fe9248099d2c61c12342ab36327e9d413e3171dd7033b84800d96?s=96&d=mm&r=g","contentUrl":"https:\/\/secure.gravatar.com\/avatar\/50f06e2b746fe9248099d2c61c12342ab36327e9d413e3171dd7033b84800d96?s=96&d=mm&r=g","caption":"admsp"}}]}},"_links":{"self":[{"href":"http:\/\/www.sindipetroba.org.br\/2019\/wp-json\/wp\/v2\/posts\/673","targetHints":{"allow":["GET"]}}],"collection":[{"href":"http:\/\/www.sindipetroba.org.br\/2019\/wp-json\/wp\/v2\/posts"}],"about":[{"href":"http:\/\/www.sindipetroba.org.br\/2019\/wp-json\/wp\/v2\/types\/post"}],"author":[{"embeddable":true,"href":"http:\/\/www.sindipetroba.org.br\/2019\/wp-json\/wp\/v2\/users\/1"}],"replies":[{"embeddable":true,"href":"http:\/\/www.sindipetroba.org.br\/2019\/wp-json\/wp\/v2\/comments?post=673"}],"version-history":[{"count":1,"href":"http:\/\/www.sindipetroba.org.br\/2019\/wp-json\/wp\/v2\/posts\/673\/revisions"}],"predecessor-version":[{"id":675,"href":"http:\/\/www.sindipetroba.org.br\/2019\/wp-json\/wp\/v2\/posts\/673\/revisions\/675"}],"wp:featuredmedia":[{"embeddable":true,"href":"http:\/\/www.sindipetroba.org.br\/2019\/wp-json\/wp\/v2\/media\/674"}],"wp:attachment":[{"href":"http:\/\/www.sindipetroba.org.br\/2019\/wp-json\/wp\/v2\/media?parent=673"}],"wp:term":[{"taxonomy":"category","embeddable":true,"href":"http:\/\/www.sindipetroba.org.br\/2019\/wp-json\/wp\/v2\/categories?post=673"},{"taxonomy":"post_tag","embeddable":true,"href":"http:\/\/www.sindipetroba.org.br\/2019\/wp-json\/wp\/v2\/tags?post=673"}],"curies":[{"name":"wp","href":"https:\/\/api.w.org\/{rel}","templated":true}]}}