{"id":7043,"date":"2020-04-15T09:36:26","date_gmt":"2020-04-15T12:36:26","guid":{"rendered":"http:\/\/www.sindipetroba.org.br\/2019\/?p=7043"},"modified":"2020-04-15T09:36:26","modified_gmt":"2020-04-15T12:36:26","slug":"mais-ricos-devem-pagar-a-conta-da-pandemia-do-coronavirus-covid-19","status":"publish","type":"post","link":"http:\/\/www.sindipetroba.org.br\/2019\/mais-ricos-devem-pagar-a-conta-da-pandemia-do-coronavirus-covid-19\/","title":{"rendered":"Mais ricos devem pagar a conta da pandemia do coronav\u00edrus (Covid 19)"},"content":{"rendered":"<p>CUT, centrais, frentes e auditores fiscais defendem maior imposto para que grandes conglomerados, bancos e bilion\u00e1rios financiem o combate \u00e0 Covid 19. Segundo Fenafisco, arrecada\u00e7\u00e3o pode chegar a R$ 272 bi<\/p>\n<p>&nbsp;<\/p>\n<p>Os reflexos da pandemia do coronav\u00edrus (Covid 19) na economia devem se estender por muito mais tempo do que a quarentena determinada pela Organiza\u00e7\u00e3o Mundial da Sa\u00fade\u00a0(OMS). As proje\u00e7\u00f5es de queda no Produto Interno Bruto (PIB) e a perda de milh\u00f5es de emprego no Brasil fazem parte das an\u00e1lises de economistas de todas as tend\u00eancias.<\/p>\n<p>Para piorar, a queda no rendimento do trabalhador e da trabalhadora que se v\u00ea sem perspectivas diante da in\u00e9rcia do governo Jair Bolsonaro \u00a0(sem partido) que s\u00f3 se preocupa em proteger o empresariado e o mercado financeiro, pode levar o Brasil ao aumento da desigualdade social, num pa\u00eds que est\u00e1 entre os 10 mais desiguais do mundo.<\/p>\n<p>Diante desta crise sem precedentes, a conta mais uma vez est\u00e1 caindo nas costas do trabalhador e da trabalhadora. Est\u00e1 na hora do empresariado que sempre teve benesses, que sempre pagou menos imposto, pagar a sua cota de sacrif\u00edcio, defende o vice-presidente da CUT, Vagner Freitas.<\/p>\n<p>Segundo ele, \u00e9 neste momento de reconstru\u00e7\u00e3o do pa\u00eds que os empres\u00e1rios precisam fazer muito mais do que campanhas de arrecada\u00e7\u00e3o de alimentos, de doa\u00e7\u00f5es assistenciais, que a CUT considera importante, tanto que seus sindicatos filiados tamb\u00e9m est\u00e3o oferecendo suas sedes para as autoridades de sa\u00fade, mas a quest\u00e3o principal \u00e9 que do ponto de vista econ\u00f4mico financeiro os empres\u00e1rios n\u00e3o abriram m\u00e3o do lucro.<\/p>\n<p>\u201cOs empres\u00e1rios, pelo contr\u00e1rio, fazem campanhas com dinheiro do trabalhador para terem isen\u00e7\u00e3o tribut\u00e1ria do governo e ainda insistem em demitir e tirar os sindicatos das mesas de negocia\u00e7\u00f5es deixando o trabalhador desprotegido\u201d, afirma Vagner.<\/p>\n<p>\u00c9 neste, sentido, diz o vice-presidente da CUT, que as Frentes Brasil Popular e Povo Sem Medo, com o apoio de todas as centrais sindicais do pa\u00eds (CUT, CTB, For\u00e7a Sindical, UGT, CSB, NCST, CGTB, CSP- Conlutas, Intersindical, Intersindical Instrumento de Luta) e de entidades do servi\u00e7o p\u00fablico e de coletivos de auditores, lan\u00e7aram a campanha\u00a0<strong><a href=\"https:\/\/www.change.org\/p\/taxar-fortunas-para-salvar-vidas?recruiter=1062631604\">\u201cTaxar fortunas para salvar vidas\u201d<\/a>.<\/strong><\/p>\n<blockquote class=\"dd-blockquote\"><p>O sentido desta campanha \u00e9 defender a solidariedade, significa n\u00e3o demitir, manter os empregos, significa que as empresas precisam diminuir seus lucros e coloc\u00e1-los \u00e0 disposi\u00e7\u00e3o do Estado, do povo, para que possamos fazer frente \u00e0 esta pandemia. Os ricos precisam pagar mais<\/p>\n<footer>&#8211; Vagner Freitas<\/footer>\n<\/blockquote>\n<p>De acordo com o dirigente, n\u00e3o h\u00e1 uma colabora\u00e7\u00e3o efetiva dos empres\u00e1rios, o que h\u00e1 \u00e9 uma tentativa colaborativa com recursos alheios.<\/p>\n<p>Para que os ricos contribuam mais no combate \u00e0 pandemia da Covid 19 s\u00e3o necess\u00e1rias diversas mudan\u00e7as no sistema tribut\u00e1rio brasileiro, que podem render ao governo R$ 272 bilh\u00f5es anuais. Deste valor, R$ 100 bilh\u00f5es seriam utilizados por estados, munic\u00edpios e o Distrito Federal, num Fundo Nacional de Emerg\u00eancia de combate \u00e0 pandemia da Covid 19, defendem em um\u00a0<a href=\"http:\/\/www.fenafisco.org.br\/images\/bandeiras\/Carta.entidades.final.pdf?_t=1585080521\"><strong>documento\u00a0<\/strong><\/a>os Auditores Fiscais pela Democracia (AFD), a Associa\u00e7\u00e3o Nacional dos Auditores Fiscais da Receita Federal do Brasil (ANFIP), a Federa\u00e7\u00e3o Nacional do Fisco Estadual e Distrital (Fenafisco) e o Instituto Justi\u00e7a Fiscal (IJF).<\/p>\n<p>Os R$ 272 bilh\u00f5es seriam compostos com 50% da arrecada\u00e7\u00e3o de um Imposto sobre Grandes Fortunas, 50% pela arrecada\u00e7\u00e3o de uma Contribui\u00e7\u00e3o Social Sobre Altas Rendas das Pessoas F\u00edsicas, 50% da arrecada\u00e7\u00e3o da Contribui\u00e7\u00e3o Social Sobre o Lucro L\u00edquido (CSLL) sobre os setores financeiro e extrativista mineral e 20% do valor arrecadado de Imposto de Renda decorrente da cobran\u00e7a sobre lucros e dividendos distribu\u00eddos a pessoas f\u00edsicas.<\/p>\n<p><strong>Estamos falando de bilion\u00e1rios, dos bancos<\/strong><\/p>\n<p>\u201cA gente aponta as fontes, as medidas para buscar essas fontes, os novos recursos, que hoje n\u00e3o existem, para permitir o aumento da capacidade do Estado em contrair mais d\u00edvida para investir na \u00e1rea da sa\u00fade. S\u00e3o medidas que ter\u00e3o um menor ou quase nenhum impacto na sociedade. Estamos falando de bilion\u00e1rios, dos bancos\u201d, diz Charles Alc\u00e2ntara, presidente do Fenafisco.<\/p>\n<p>Algumas medidas precisam ser tomadas imediatamente para que possam passar a valer em at\u00e9 tr\u00eas meses. Outras por for\u00e7a de Lei s\u00f3 poder\u00e3o passar a valer no pr\u00f3ximo ano, mas s\u00e3o t\u00e3o necess\u00e1rias quanto as imediatas porque a reconstru\u00e7\u00e3o da economia do pa\u00eds precisar\u00e1 de muito mais tempo, acreditam os auditores fiscais.<\/p>\n<p>\u201cNossa maior preocupa\u00e7\u00e3o ao lan\u00e7ar o documento n\u00e3o foi a arrecada\u00e7\u00e3o imediata, embora sejam emergenciais. Nossa tese que converge com os principais economistas, inclusive os liberais, \u00e9 de que o Estado precisa gastar, se endividar para fazer frente a pandemia. Por isso, propomos contribui\u00e7\u00f5es sociais , como lucro dos bancos, que possam aumentar a arrecada\u00e7\u00e3o em 3 ou 4 meses. Outras como a taxa\u00e7\u00e3o de grandes fortunas ,por for\u00e7a de Lei, s\u00f3 poder\u00e3o ser adotadas no pr\u00f3ximo ano, e arrecadaria\u00a0<strong>R$ 40 bilh\u00f5es ao ano\u2019<\/strong>, explica Charles Alc\u00e2ntara.<\/p>\n<p>De acordo com o documento, um dos principais gargalos para que a conta da pandemia seja paga pelos mais ricos, \u00e9 \u00a0que o sistema de impostos brasileiro disp\u00f5e de mecanismos que isentam do Imposto de Renda das Pessoas F\u00edsicas (IRPF) as camadas de alta renda.<\/p>\n<blockquote class=\"dd-blockquote\"><p>Quem ganha mais de 240 sal\u00e1rios m\u00ednimos mensais (R$ 250.800,00), por exemplo, tem cerca de 70% da renda isenta de impostos, enquanto os trabalhadores de baixa renda t\u00eam descontados 7,5% de al\u00edquota de imposto na folha salarial a partir de R$ 1.903,99 e quem ganha R$ 4.664,68, o desconto chega a 27,5%<\/p>\n<footer>&#8211; Charles Alc\u00e2ntara<\/footer>\n<\/blockquote>\n<p>Entre as propostas de mudan\u00e7as na tabela do IRPF esta a de incluir \u00a0al\u00edquotas de 35% e 40% que incidir\u00e3o sobre rendimentos superiores a 60 sal\u00e1rios m\u00ednimos (R$ 62.700,00) e 80 m\u00ednimos (R$ 83.600,00), respectivamente; e al\u00edquota marginal tempor\u00e1ria de 60% sobre rendimentos superiores a 300 sal\u00e1rios m\u00ednimos mensais (R$ 313.500,00), que representam 0,09% dos contribuintes. J\u00e1 o trabalhador que ganha R$ 4.000,00 deve ser isento do pagamento do imposto. Somente a mudan\u00e7a na tabela do IRPF\u00a0<strong>arrecadaria R$ 120 bilh\u00f5es ao ano.<\/strong><\/p>\n<p>Para demonstrar como a desigualdade social no Brasil deve ser combatida com uma reforma tribut\u00e1ria que taxe os mais ricos, os auditores fiscais levantaram outros dados:\u00a0<strong>quase 30% da renda do Brasil est\u00e3o nas m\u00e3os de apenas 1% dos habitantes do pa\u00eds<\/strong>.<\/p>\n<p>Segundo a revista Forbes, em 2012, t\u00ednhamos 74 bilion\u00e1rios com patrim\u00f4nio declarado de R$ 346 bilh\u00f5es; e ap\u00f3s apenas seis anos, esse patrim\u00f4nio triplicou. Em 2019, eram 206 bilion\u00e1rios que detinham mais de R$ 1,2 trilh\u00e3o &#8211; quase 20% do Produto Interno Bruto (PIB).<\/p>\n<p>Para se ter uma ideia da alta concentra\u00e7\u00e3o de renda, a soma de toda a riqueza das fam\u00edlias brasileiras \u00e9 de cerca de R$ 16 trilh\u00f5es de reais, estando quase metade de toda essa riqueza (R$ 8 trilh\u00f5es) nas m\u00e3os de apenas 1 % das fam\u00edlias.<\/p>\n<p>\u201cPor tudo isso \u00e9 necess\u00e1rio que haja a contribui\u00e7\u00e3o maior dos mais ricos para que o Estado se endivide para salvar vidas. Essa \u00e9 a prioridade m\u00e1xima. Depois temos como recuperar a economia e pagar essa d\u00edvida\u201d, conclui o presidente da Fenafisco.<\/p>\n","protected":false},"excerpt":{"rendered":"CUT, centrais, frentes e auditores fiscais defendem maior imposto para que grandes conglomerados, bancos e bilion\u00e1rios financiem o combate \u00e0 Covid 19. Segundo Fenafisco, arrecada\u00e7\u00e3o pode chegar a R$ 272 bi &nbsp; Os reflexos da pandemia do coronav\u00edrus (Covid 19) na economia devem se estender por muito mais tempo do que a quarentena determinada pela&#8230; <a class=\"view-article\" href=\"http:\/\/www.sindipetroba.org.br\/2019\/mais-ricos-devem-pagar-a-conta-da-pandemia-do-coronavirus-covid-19\/\">Ver artigo<\/a>","protected":false},"author":1,"featured_media":7044,"comment_status":"closed","ping_status":"open","sticky":false,"template":"","format":"standard","meta":{"_et_pb_use_builder":"","_et_pb_old_content":"","_et_gb_content_width":"","footnotes":""},"categories":[1],"tags":[640,686,685],"class_list":["post-7043","post","type-post","status-publish","format-standard","has-post-thumbnail","hentry","category-noticia","tag-coronavirus","tag-pandemia","tag-taxacao-de-grandes-fortunas"],"yoast_head":"<!-- This site is optimized with the Yoast SEO plugin v27.3 - https:\/\/yoast.com\/product\/yoast-seo-wordpress\/ -->\n<title>Mais ricos devem pagar a conta da pandemia do coronav\u00edrus (Covid 19) - Sindipetro BA<\/title>\n<meta name=\"robots\" content=\"index, follow, max-snippet:-1, max-image-preview:large, max-video-preview:-1\" \/>\n<link rel=\"canonical\" href=\"http:\/\/www.sindipetroba.org.br\/2019\/mais-ricos-devem-pagar-a-conta-da-pandemia-do-coronavirus-covid-19\/\" \/>\n<meta property=\"og:locale\" content=\"pt_BR\" \/>\n<meta property=\"og:type\" content=\"article\" \/>\n<meta property=\"og:title\" content=\"Mais ricos devem pagar a conta da pandemia do coronav\u00edrus (Covid 19) - Sindipetro BA\" \/>\n<meta property=\"og:description\" content=\"CUT, centrais, frentes e auditores fiscais defendem maior imposto para que grandes conglomerados, bancos e bilion\u00e1rios financiem o combate \u00e0 Covid 19. Segundo Fenafisco, arrecada\u00e7\u00e3o pode chegar a R$ 272 bi &nbsp; Os reflexos da pandemia do coronav\u00edrus (Covid 19) na economia devem se estender por muito mais tempo do que a quarentena determinada pela... Ver artigo\" \/>\n<meta property=\"og:url\" content=\"http:\/\/www.sindipetroba.org.br\/2019\/mais-ricos-devem-pagar-a-conta-da-pandemia-do-coronavirus-covid-19\/\" \/>\n<meta property=\"og:site_name\" content=\"Sindipetro BA\" \/>\n<meta property=\"article:publisher\" content=\"https:\/\/www.facebook.com\/sindipetroBa\/\" \/>\n<meta property=\"article:published_time\" content=\"2020-04-15T12:36:26+00:00\" \/>\n<meta property=\"og:image\" content=\"http:\/\/www.sindipetroba.org.br\/2019\/wp-content\/uploads\/2020\/04\/15-abr-fup3-e1586954116167.jpg\" \/>\n\t<meta property=\"og:image:width\" content=\"550\" \/>\n\t<meta property=\"og:image:height\" content=\"361\" \/>\n\t<meta property=\"og:image:type\" content=\"image\/jpeg\" \/>\n<meta name=\"author\" content=\"admsp\" \/>\n<meta name=\"twitter:card\" content=\"summary_large_image\" \/>\n<meta name=\"twitter:creator\" content=\"@SindipetroBahia\" \/>\n<meta name=\"twitter:site\" content=\"@SindipetroBahia\" \/>\n<meta name=\"twitter:label1\" content=\"Escrito por\" \/>\n\t<meta name=\"twitter:data1\" content=\"admsp\" \/>\n\t<meta name=\"twitter:label2\" content=\"Est. tempo de leitura\" \/>\n\t<meta name=\"twitter:data2\" content=\"6 minutos\" \/>\n<script type=\"application\/ld+json\" class=\"yoast-schema-graph\">{\"@context\":\"https:\\\/\\\/schema.org\",\"@graph\":[{\"@type\":\"Article\",\"@id\":\"http:\\\/\\\/www.sindipetroba.org.br\\\/2019\\\/mais-ricos-devem-pagar-a-conta-da-pandemia-do-coronavirus-covid-19\\\/#article\",\"isPartOf\":{\"@id\":\"http:\\\/\\\/www.sindipetroba.org.br\\\/2019\\\/mais-ricos-devem-pagar-a-conta-da-pandemia-do-coronavirus-covid-19\\\/\"},\"author\":{\"name\":\"admsp\",\"@id\":\"http:\\\/\\\/www.sindipetroba.org.br\\\/2019\\\/#\\\/schema\\\/person\\\/e61228ef9f981537d4c4eb80f6ea7713\"},\"headline\":\"Mais ricos devem pagar a conta da pandemia do coronav\u00edrus (Covid 19)\",\"datePublished\":\"2020-04-15T12:36:26+00:00\",\"mainEntityOfPage\":{\"@id\":\"http:\\\/\\\/www.sindipetroba.org.br\\\/2019\\\/mais-ricos-devem-pagar-a-conta-da-pandemia-do-coronavirus-covid-19\\\/\"},\"wordCount\":1223,\"publisher\":{\"@id\":\"http:\\\/\\\/www.sindipetroba.org.br\\\/2019\\\/#organization\"},\"image\":{\"@id\":\"http:\\\/\\\/www.sindipetroba.org.br\\\/2019\\\/mais-ricos-devem-pagar-a-conta-da-pandemia-do-coronavirus-covid-19\\\/#primaryimage\"},\"thumbnailUrl\":\"http:\\\/\\\/www.sindipetroba.org.br\\\/2019\\\/wp-content\\\/uploads\\\/2020\\\/04\\\/15-abr-fup3-e1586954116167.jpg\",\"keywords\":[\"coronav\u00edrus\",\"pandemia\",\"taxa\u00e7\u00e3o de grandes fortunas\"],\"articleSection\":[\"Not\u00edcia\"],\"inLanguage\":\"pt-BR\"},{\"@type\":\"WebPage\",\"@id\":\"http:\\\/\\\/www.sindipetroba.org.br\\\/2019\\\/mais-ricos-devem-pagar-a-conta-da-pandemia-do-coronavirus-covid-19\\\/\",\"url\":\"http:\\\/\\\/www.sindipetroba.org.br\\\/2019\\\/mais-ricos-devem-pagar-a-conta-da-pandemia-do-coronavirus-covid-19\\\/\",\"name\":\"Mais ricos devem pagar a conta da pandemia do coronav\u00edrus (Covid 19) - Sindipetro BA\",\"isPartOf\":{\"@id\":\"http:\\\/\\\/www.sindipetroba.org.br\\\/2019\\\/#website\"},\"primaryImageOfPage\":{\"@id\":\"http:\\\/\\\/www.sindipetroba.org.br\\\/2019\\\/mais-ricos-devem-pagar-a-conta-da-pandemia-do-coronavirus-covid-19\\\/#primaryimage\"},\"image\":{\"@id\":\"http:\\\/\\\/www.sindipetroba.org.br\\\/2019\\\/mais-ricos-devem-pagar-a-conta-da-pandemia-do-coronavirus-covid-19\\\/#primaryimage\"},\"thumbnailUrl\":\"http:\\\/\\\/www.sindipetroba.org.br\\\/2019\\\/wp-content\\\/uploads\\\/2020\\\/04\\\/15-abr-fup3-e1586954116167.jpg\",\"datePublished\":\"2020-04-15T12:36:26+00:00\",\"breadcrumb\":{\"@id\":\"http:\\\/\\\/www.sindipetroba.org.br\\\/2019\\\/mais-ricos-devem-pagar-a-conta-da-pandemia-do-coronavirus-covid-19\\\/#breadcrumb\"},\"inLanguage\":\"pt-BR\",\"potentialAction\":[{\"@type\":\"ReadAction\",\"target\":[\"http:\\\/\\\/www.sindipetroba.org.br\\\/2019\\\/mais-ricos-devem-pagar-a-conta-da-pandemia-do-coronavirus-covid-19\\\/\"]}]},{\"@type\":\"ImageObject\",\"inLanguage\":\"pt-BR\",\"@id\":\"http:\\\/\\\/www.sindipetroba.org.br\\\/2019\\\/mais-ricos-devem-pagar-a-conta-da-pandemia-do-coronavirus-covid-19\\\/#primaryimage\",\"url\":\"http:\\\/\\\/www.sindipetroba.org.br\\\/2019\\\/wp-content\\\/uploads\\\/2020\\\/04\\\/15-abr-fup3-e1586954116167.jpg\",\"contentUrl\":\"http:\\\/\\\/www.sindipetroba.org.br\\\/2019\\\/wp-content\\\/uploads\\\/2020\\\/04\\\/15-abr-fup3-e1586954116167.jpg\",\"width\":550,\"height\":361},{\"@type\":\"BreadcrumbList\",\"@id\":\"http:\\\/\\\/www.sindipetroba.org.br\\\/2019\\\/mais-ricos-devem-pagar-a-conta-da-pandemia-do-coronavirus-covid-19\\\/#breadcrumb\",\"itemListElement\":[{\"@type\":\"ListItem\",\"position\":1,\"name\":\"In\u00edcio\",\"item\":\"http:\\\/\\\/www.sindipetroba.org.br\\\/2019\\\/\"},{\"@type\":\"ListItem\",\"position\":2,\"name\":\"Mais ricos devem pagar a conta da pandemia do coronav\u00edrus (Covid 19)\"}]},{\"@type\":\"WebSite\",\"@id\":\"http:\\\/\\\/www.sindipetroba.org.br\\\/2019\\\/#website\",\"url\":\"http:\\\/\\\/www.sindipetroba.org.br\\\/2019\\\/\",\"name\":\"Sindipetro BA\",\"description\":\"Sindicato dos Petroleiros e Petroleiras do Estado da Bahia\",\"publisher\":{\"@id\":\"http:\\\/\\\/www.sindipetroba.org.br\\\/2019\\\/#organization\"},\"potentialAction\":[{\"@type\":\"SearchAction\",\"target\":{\"@type\":\"EntryPoint\",\"urlTemplate\":\"http:\\\/\\\/www.sindipetroba.org.br\\\/2019\\\/?s={search_term_string}\"},\"query-input\":{\"@type\":\"PropertyValueSpecification\",\"valueRequired\":true,\"valueName\":\"search_term_string\"}}],\"inLanguage\":\"pt-BR\"},{\"@type\":\"Organization\",\"@id\":\"http:\\\/\\\/www.sindipetroba.org.br\\\/2019\\\/#organization\",\"name\":\"Sindipetro BA\",\"url\":\"http:\\\/\\\/www.sindipetroba.org.br\\\/2019\\\/\",\"logo\":{\"@type\":\"ImageObject\",\"inLanguage\":\"pt-BR\",\"@id\":\"http:\\\/\\\/www.sindipetroba.org.br\\\/2019\\\/#\\\/schema\\\/logo\\\/image\\\/\",\"url\":\"http:\\\/\\\/www.sindipetroba.org.br\\\/2019\\\/wp-content\\\/uploads\\\/2019\\\/01\\\/sindipetro-marca-cor.png\",\"contentUrl\":\"http:\\\/\\\/www.sindipetroba.org.br\\\/2019\\\/wp-content\\\/uploads\\\/2019\\\/01\\\/sindipetro-marca-cor.png\",\"width\":350,\"height\":126,\"caption\":\"Sindipetro BA\"},\"image\":{\"@id\":\"http:\\\/\\\/www.sindipetroba.org.br\\\/2019\\\/#\\\/schema\\\/logo\\\/image\\\/\"},\"sameAs\":[\"https:\\\/\\\/www.facebook.com\\\/sindipetroBa\\\/\",\"https:\\\/\\\/x.com\\\/SindipetroBahia\",\"https:\\\/\\\/www.instagram.com\\\/sindipetroba\\\/\",\"https:\\\/\\\/www.youtube.com\\\/c\\\/SindipetroBahiaOficial\"]},{\"@type\":\"Person\",\"@id\":\"http:\\\/\\\/www.sindipetroba.org.br\\\/2019\\\/#\\\/schema\\\/person\\\/e61228ef9f981537d4c4eb80f6ea7713\",\"name\":\"admsp\",\"image\":{\"@type\":\"ImageObject\",\"inLanguage\":\"pt-BR\",\"@id\":\"https:\\\/\\\/secure.gravatar.com\\\/avatar\\\/50f06e2b746fe9248099d2c61c12342ab36327e9d413e3171dd7033b84800d96?s=96&d=mm&r=g\",\"url\":\"https:\\\/\\\/secure.gravatar.com\\\/avatar\\\/50f06e2b746fe9248099d2c61c12342ab36327e9d413e3171dd7033b84800d96?s=96&d=mm&r=g\",\"contentUrl\":\"https:\\\/\\\/secure.gravatar.com\\\/avatar\\\/50f06e2b746fe9248099d2c61c12342ab36327e9d413e3171dd7033b84800d96?s=96&d=mm&r=g\",\"caption\":\"admsp\"}}]}<\/script>\n<!-- \/ Yoast SEO plugin. -->","yoast_head_json":{"title":"Mais ricos devem pagar a conta da pandemia do coronav\u00edrus (Covid 19) - Sindipetro BA","robots":{"index":"index","follow":"follow","max-snippet":"max-snippet:-1","max-image-preview":"max-image-preview:large","max-video-preview":"max-video-preview:-1"},"canonical":"http:\/\/www.sindipetroba.org.br\/2019\/mais-ricos-devem-pagar-a-conta-da-pandemia-do-coronavirus-covid-19\/","og_locale":"pt_BR","og_type":"article","og_title":"Mais ricos devem pagar a conta da pandemia do coronav\u00edrus (Covid 19) - Sindipetro BA","og_description":"CUT, centrais, frentes e auditores fiscais defendem maior imposto para que grandes conglomerados, bancos e bilion\u00e1rios financiem o combate \u00e0 Covid 19. Segundo Fenafisco, arrecada\u00e7\u00e3o pode chegar a R$ 272 bi &nbsp; Os reflexos da pandemia do coronav\u00edrus (Covid 19) na economia devem se estender por muito mais tempo do que a quarentena determinada pela... Ver artigo","og_url":"http:\/\/www.sindipetroba.org.br\/2019\/mais-ricos-devem-pagar-a-conta-da-pandemia-do-coronavirus-covid-19\/","og_site_name":"Sindipetro BA","article_publisher":"https:\/\/www.facebook.com\/sindipetroBa\/","article_published_time":"2020-04-15T12:36:26+00:00","og_image":[{"width":550,"height":361,"url":"http:\/\/www.sindipetroba.org.br\/2019\/wp-content\/uploads\/2020\/04\/15-abr-fup3-e1586954116167.jpg","type":"image\/jpeg"}],"author":"admsp","twitter_card":"summary_large_image","twitter_creator":"@SindipetroBahia","twitter_site":"@SindipetroBahia","twitter_misc":{"Escrito por":"admsp","Est. tempo de leitura":"6 minutos"},"schema":{"@context":"https:\/\/schema.org","@graph":[{"@type":"Article","@id":"http:\/\/www.sindipetroba.org.br\/2019\/mais-ricos-devem-pagar-a-conta-da-pandemia-do-coronavirus-covid-19\/#article","isPartOf":{"@id":"http:\/\/www.sindipetroba.org.br\/2019\/mais-ricos-devem-pagar-a-conta-da-pandemia-do-coronavirus-covid-19\/"},"author":{"name":"admsp","@id":"http:\/\/www.sindipetroba.org.br\/2019\/#\/schema\/person\/e61228ef9f981537d4c4eb80f6ea7713"},"headline":"Mais ricos devem pagar a conta da pandemia do coronav\u00edrus (Covid 19)","datePublished":"2020-04-15T12:36:26+00:00","mainEntityOfPage":{"@id":"http:\/\/www.sindipetroba.org.br\/2019\/mais-ricos-devem-pagar-a-conta-da-pandemia-do-coronavirus-covid-19\/"},"wordCount":1223,"publisher":{"@id":"http:\/\/www.sindipetroba.org.br\/2019\/#organization"},"image":{"@id":"http:\/\/www.sindipetroba.org.br\/2019\/mais-ricos-devem-pagar-a-conta-da-pandemia-do-coronavirus-covid-19\/#primaryimage"},"thumbnailUrl":"http:\/\/www.sindipetroba.org.br\/2019\/wp-content\/uploads\/2020\/04\/15-abr-fup3-e1586954116167.jpg","keywords":["coronav\u00edrus","pandemia","taxa\u00e7\u00e3o de grandes fortunas"],"articleSection":["Not\u00edcia"],"inLanguage":"pt-BR"},{"@type":"WebPage","@id":"http:\/\/www.sindipetroba.org.br\/2019\/mais-ricos-devem-pagar-a-conta-da-pandemia-do-coronavirus-covid-19\/","url":"http:\/\/www.sindipetroba.org.br\/2019\/mais-ricos-devem-pagar-a-conta-da-pandemia-do-coronavirus-covid-19\/","name":"Mais ricos devem pagar a conta da pandemia do coronav\u00edrus (Covid 19) - Sindipetro BA","isPartOf":{"@id":"http:\/\/www.sindipetroba.org.br\/2019\/#website"},"primaryImageOfPage":{"@id":"http:\/\/www.sindipetroba.org.br\/2019\/mais-ricos-devem-pagar-a-conta-da-pandemia-do-coronavirus-covid-19\/#primaryimage"},"image":{"@id":"http:\/\/www.sindipetroba.org.br\/2019\/mais-ricos-devem-pagar-a-conta-da-pandemia-do-coronavirus-covid-19\/#primaryimage"},"thumbnailUrl":"http:\/\/www.sindipetroba.org.br\/2019\/wp-content\/uploads\/2020\/04\/15-abr-fup3-e1586954116167.jpg","datePublished":"2020-04-15T12:36:26+00:00","breadcrumb":{"@id":"http:\/\/www.sindipetroba.org.br\/2019\/mais-ricos-devem-pagar-a-conta-da-pandemia-do-coronavirus-covid-19\/#breadcrumb"},"inLanguage":"pt-BR","potentialAction":[{"@type":"ReadAction","target":["http:\/\/www.sindipetroba.org.br\/2019\/mais-ricos-devem-pagar-a-conta-da-pandemia-do-coronavirus-covid-19\/"]}]},{"@type":"ImageObject","inLanguage":"pt-BR","@id":"http:\/\/www.sindipetroba.org.br\/2019\/mais-ricos-devem-pagar-a-conta-da-pandemia-do-coronavirus-covid-19\/#primaryimage","url":"http:\/\/www.sindipetroba.org.br\/2019\/wp-content\/uploads\/2020\/04\/15-abr-fup3-e1586954116167.jpg","contentUrl":"http:\/\/www.sindipetroba.org.br\/2019\/wp-content\/uploads\/2020\/04\/15-abr-fup3-e1586954116167.jpg","width":550,"height":361},{"@type":"BreadcrumbList","@id":"http:\/\/www.sindipetroba.org.br\/2019\/mais-ricos-devem-pagar-a-conta-da-pandemia-do-coronavirus-covid-19\/#breadcrumb","itemListElement":[{"@type":"ListItem","position":1,"name":"In\u00edcio","item":"http:\/\/www.sindipetroba.org.br\/2019\/"},{"@type":"ListItem","position":2,"name":"Mais ricos devem pagar a conta da pandemia do coronav\u00edrus (Covid 19)"}]},{"@type":"WebSite","@id":"http:\/\/www.sindipetroba.org.br\/2019\/#website","url":"http:\/\/www.sindipetroba.org.br\/2019\/","name":"Sindipetro BA","description":"Sindicato dos Petroleiros e Petroleiras do Estado da Bahia","publisher":{"@id":"http:\/\/www.sindipetroba.org.br\/2019\/#organization"},"potentialAction":[{"@type":"SearchAction","target":{"@type":"EntryPoint","urlTemplate":"http:\/\/www.sindipetroba.org.br\/2019\/?s={search_term_string}"},"query-input":{"@type":"PropertyValueSpecification","valueRequired":true,"valueName":"search_term_string"}}],"inLanguage":"pt-BR"},{"@type":"Organization","@id":"http:\/\/www.sindipetroba.org.br\/2019\/#organization","name":"Sindipetro BA","url":"http:\/\/www.sindipetroba.org.br\/2019\/","logo":{"@type":"ImageObject","inLanguage":"pt-BR","@id":"http:\/\/www.sindipetroba.org.br\/2019\/#\/schema\/logo\/image\/","url":"http:\/\/www.sindipetroba.org.br\/2019\/wp-content\/uploads\/2019\/01\/sindipetro-marca-cor.png","contentUrl":"http:\/\/www.sindipetroba.org.br\/2019\/wp-content\/uploads\/2019\/01\/sindipetro-marca-cor.png","width":350,"height":126,"caption":"Sindipetro BA"},"image":{"@id":"http:\/\/www.sindipetroba.org.br\/2019\/#\/schema\/logo\/image\/"},"sameAs":["https:\/\/www.facebook.com\/sindipetroBa\/","https:\/\/x.com\/SindipetroBahia","https:\/\/www.instagram.com\/sindipetroba\/","https:\/\/www.youtube.com\/c\/SindipetroBahiaOficial"]},{"@type":"Person","@id":"http:\/\/www.sindipetroba.org.br\/2019\/#\/schema\/person\/e61228ef9f981537d4c4eb80f6ea7713","name":"admsp","image":{"@type":"ImageObject","inLanguage":"pt-BR","@id":"https:\/\/secure.gravatar.com\/avatar\/50f06e2b746fe9248099d2c61c12342ab36327e9d413e3171dd7033b84800d96?s=96&d=mm&r=g","url":"https:\/\/secure.gravatar.com\/avatar\/50f06e2b746fe9248099d2c61c12342ab36327e9d413e3171dd7033b84800d96?s=96&d=mm&r=g","contentUrl":"https:\/\/secure.gravatar.com\/avatar\/50f06e2b746fe9248099d2c61c12342ab36327e9d413e3171dd7033b84800d96?s=96&d=mm&r=g","caption":"admsp"}}]}},"_links":{"self":[{"href":"http:\/\/www.sindipetroba.org.br\/2019\/wp-json\/wp\/v2\/posts\/7043","targetHints":{"allow":["GET"]}}],"collection":[{"href":"http:\/\/www.sindipetroba.org.br\/2019\/wp-json\/wp\/v2\/posts"}],"about":[{"href":"http:\/\/www.sindipetroba.org.br\/2019\/wp-json\/wp\/v2\/types\/post"}],"author":[{"embeddable":true,"href":"http:\/\/www.sindipetroba.org.br\/2019\/wp-json\/wp\/v2\/users\/1"}],"replies":[{"embeddable":true,"href":"http:\/\/www.sindipetroba.org.br\/2019\/wp-json\/wp\/v2\/comments?post=7043"}],"version-history":[{"count":1,"href":"http:\/\/www.sindipetroba.org.br\/2019\/wp-json\/wp\/v2\/posts\/7043\/revisions"}],"predecessor-version":[{"id":7045,"href":"http:\/\/www.sindipetroba.org.br\/2019\/wp-json\/wp\/v2\/posts\/7043\/revisions\/7045"}],"wp:featuredmedia":[{"embeddable":true,"href":"http:\/\/www.sindipetroba.org.br\/2019\/wp-json\/wp\/v2\/media\/7044"}],"wp:attachment":[{"href":"http:\/\/www.sindipetroba.org.br\/2019\/wp-json\/wp\/v2\/media?parent=7043"}],"wp:term":[{"taxonomy":"category","embeddable":true,"href":"http:\/\/www.sindipetroba.org.br\/2019\/wp-json\/wp\/v2\/categories?post=7043"},{"taxonomy":"post_tag","embeddable":true,"href":"http:\/\/www.sindipetroba.org.br\/2019\/wp-json\/wp\/v2\/tags?post=7043"}],"curies":[{"name":"wp","href":"https:\/\/api.w.org\/{rel}","templated":true}]}}